{"id":71717,"date":"2025-12-03T11:55:31","date_gmt":"2025-12-03T08:55:31","guid":{"rendered":"https:\/\/www.egemtv.com\/?p=71717"},"modified":"2025-12-03T11:55:32","modified_gmt":"2025-12-03T08:55:32","slug":"hisarcik-myoda-kadina-yonelik-siddetle-mucadele-konulu-egitim","status":"publish","type":"post","link":"https:\/\/www.egemtv.com\/?p=71717","title":{"rendered":"Hisarc\u0131k MYO\u2019da &#8220;Kad\u0131na Y\u00f6nelik \u015eiddetle M\u00fccadele&#8221; konulu e\u011fitim"},"content":{"rendered":"<p>K\u00fctahya Dumlup\u0131nar \u00dcniversitesi (DP\u00dc) Hisarc\u0131k Meslek Y\u00fcksek Okulunda (MYO) &#8220;Kad\u0131na Y\u00f6nelik \u015eiddetle M\u00fccadele&#8221; konulu e\u011fitim d\u00fczenlendi<br \/>\n<br \/>Tav\u015fanl\u0131 Sosyal Hizmetler M\u00fcd\u00fcrl\u00fc\u011f\u00fcnde g\u00f6rev yapan Aile Sosyal Destek Uzman\u0131 Psikolog Gizem G\u00fcler Can\u2019\u0131n konu\u015fmac\u0131 olarak kat\u0131ld\u0131\u011f\u0131 e\u011fitim Meslek Y\u00fcksekokulu Mehmet Ali Tahtal\u0131 Amfisinde ger\u00e7ekle\u015ftirildi.<br \/>\n<br \/>E\u011fitime, Meslek Y\u00fcksekokulu M\u00fcd\u00fcr\u00fc \u00d6\u011fr. G\u00f6r. Burak Kavaslar, M\u00fcd\u00fcr Yard\u0131mc\u0131s\u0131 \u00d6\u011fr. G\u00f6r. Fadim Ko\u00e7, akademik ve idari personel ile \u00f6\u011frenciler kat\u0131ld\u0131.<br \/>\n<br \/>\u00d6\u011frencilerin yo\u011fun ilgi g\u00f6sterdi\u011fi e\u011fitimde, Psikolog  Gizem G\u00fcler Can, yapt\u0131\u011f\u0131 sunumda kad\u0131na y\u00f6nelik \u015fiddet t\u00fcrlerinden bahsederek m\u00fccadele konusunda al\u0131nmas\u0131 gerekli \u00f6nlemler ve ilgili mevzuatlar \u015fiddetin tan\u0131m\u0131 ve t\u00fcrleri, \u015fiddetin nedenleri, 6284 Say\u0131l\u0131 Ailenin Korunmas\u0131 ve Kad\u0131na Kar\u015f\u0131 \u015eiddetin \u00d6nlenmesine dair kanun ve uygulama y\u00f6netmeli\u011fi, KADES uygulamas\u0131, \u015fiddet uygulayan ve \u015fiddet ma\u011fduru kimdir?, \u015eiddetin resmi mercilere bildirimi, \u015fiddete u\u011frayan, \u015fiddete u\u011frama tehlikesi bulunan veya \u0131srarl\u0131 takip edilen ki\u015fi ne yapmal\u0131d\u0131r?, \u015fiddet ma\u011fduru ile ilgili olarak hangi kararlar al\u0131n\u0131r?, koruyucu tedbirler, tedbir kararlar\u0131, yerine getirilmesi ve di\u011fer usul i\u015flemleri, \u015fiddet ma\u011fdurunu koruyan kurumlar, uluslararas\u0131 s\u00f6zle\u015fmeler gibi konularda kat\u0131l\u0131mc\u0131lar\u0131 bilgilendirdi. \u015eiddet ve Kad\u0131na Y\u00f6nelik \u015eiddetin tan\u0131mlar\u0131n\u0131 yaparak konu\u015fmas\u0131na devam eden Psikolog Gizem G\u00fcler Can, d\u00fcnyada her y\u0131l \u015fiddet nedeniyle 1.4 milyon ki\u015finin hayat\u0131n\u0131 kaybetti\u011fini s\u00f6yledi. \u015eiddetin en \u00e7ok kad\u0131nlara, \u00e7ocuklara, ya\u015fl\u0131lara, engellilere, g\u00f6\u00e7menlere, evsizlere ve m\u00fcltecilere y\u00f6neltildi\u011fini anlatan Gizem G\u00fcler Can, ya\u015fam\u0131n\u0131n herhangi bir d\u00f6neminde e\u015fi veya birlikte ya\u015fad\u0131\u011f\u0131 ki\u015fi taraf\u0131ndan fiziksel veya cinsel \u015fiddete maruz kalan kad\u0131nlar\u0131n oran\u0131n\u0131 ve T\u00fcrkiye\u2019de \u015fiddet sonucu yap\u0131lan ba\u015fvurular\u0131n kurum\/kurulu\u015flara g\u00f6re da\u011f\u0131l\u0131m\u0131n\u0131 say\u0131larla a\u00e7\u0131klad\u0131.<br \/>\n<br \/>E\u011fitim, Meslek Y\u00fcksekokulu M\u00fcd\u00fcr\u00fc \u00d6\u011fr. G\u00f6r. Burak Kavaslar\u2019\u0131n Psikolog Gizem G\u00fcler Can\u2019a te\u015fekk\u00fcr belgesi takdimi ile sona erdi.<br \/><\/p>\n","protected":false},"excerpt":{"rendered":"<p>K\u00fctahya Dumlup\u0131nar \u00dcniversitesi (DP\u00dc) Hisarc\u0131k Meslek Y\u00fcksek Okulunda (MYO) &#8220;Kad\u0131na Y\u00f6nelik \u015eiddetle M\u00fccadele&#8221; konulu e\u011fitim d\u00fczenlendi Tav\u015fanl\u0131 Sosyal Hizmetler M\u00fcd\u00fcrl\u00fc\u011f\u00fcnde g\u00f6rev yapan Aile Sosyal Destek Uzman\u0131 Psikolog Gizem G\u00fcler Can\u2019\u0131n konu\u015fmac\u0131 olarak kat\u0131ld\u0131\u011f\u0131 e\u011fitim Meslek Y\u00fcksekokulu Mehmet Ali Tahtal\u0131 Amfisinde ger\u00e7ekle\u015ftirildi. E\u011fitime, Meslek Y\u00fcksekokulu M\u00fcd\u00fcr\u00fc \u00d6\u011fr. G\u00f6r. Burak Kavaslar, M\u00fcd\u00fcr Yard\u0131mc\u0131s\u0131 \u00d6\u011fr. G\u00f6r. Fadim Ko\u00e7,&#8230;<\/p>\n","protected":false},"author":1,"featured_media":71718,"comment_status":"open","ping_status":"open","sticky":false,"template":"","format":"standard","meta":{"_crdt_document":"","footnotes":""},"categories":[1],"tags":[],"class_list":["post-71717","post","type-post","status-publish","format-standard","has-post-thumbnail","hentry","category-guncel"],"_links":{"self":[{"href":"https:\/\/www.egemtv.com\/index.php?rest_route=\/wp\/v2\/posts\/71717","targetHints":{"allow":["GET"]}}],"collection":[{"href":"https:\/\/www.egemtv.com\/index.php?rest_route=\/wp\/v2\/posts"}],"about":[{"href":"https:\/\/www.egemtv.com\/index.php?rest_route=\/wp\/v2\/types\/post"}],"author":[{"embeddable":true,"href":"https:\/\/www.egemtv.com\/index.php?rest_route=\/wp\/v2\/users\/1"}],"replies":[{"embeddable":true,"href":"https:\/\/www.egemtv.com\/index.php?rest_route=%2Fwp%2Fv2%2Fcomments&post=71717"}],"version-history":[{"count":1,"href":"https:\/\/www.egemtv.com\/index.php?rest_route=\/wp\/v2\/posts\/71717\/revisions"}],"predecessor-version":[{"id":71719,"href":"https:\/\/www.egemtv.com\/index.php?rest_route=\/wp\/v2\/posts\/71717\/revisions\/71719"}],"wp:featuredmedia":[{"embeddable":true,"href":"https:\/\/www.egemtv.com\/index.php?rest_route=\/wp\/v2\/media\/71718"}],"wp:attachment":[{"href":"https:\/\/www.egemtv.com\/index.php?rest_route=%2Fwp%2Fv2%2Fmedia&parent=71717"}],"wp:term":[{"taxonomy":"category","embeddable":true,"href":"https:\/\/www.egemtv.com\/index.php?rest_route=%2Fwp%2Fv2%2Fcategories&post=71717"},{"taxonomy":"post_tag","embeddable":true,"href":"https:\/\/www.egemtv.com\/index.php?rest_route=%2Fwp%2Fv2%2Ftags&post=71717"}],"curies":[{"name":"wp","href":"https:\/\/api.w.org\/{rel}","templated":true}]}}