{"id":71714,"date":"2025-12-03T11:35:53","date_gmt":"2025-12-03T08:35:53","guid":{"rendered":"https:\/\/www.egemtv.com\/?p=71714"},"modified":"2025-12-03T11:35:53","modified_gmt":"2025-12-03T08:35:53","slug":"denizlili-vatandaslar-engelli-bireylerin-yasadiklari-zorluklari-1-dakika-ozel-insan-etkinliginde-hisseti","status":"publish","type":"post","link":"https:\/\/www.egemtv.com\/?p=71714","title":{"rendered":"Denizlili vatanda\u015flar engelli bireylerin ya\u015fad\u0131klar\u0131 zorluklar\u0131 \u20181 Dakika \u00d6zel \u0130nsan\u2019 etkinli\u011finde hisseti"},"content":{"rendered":"<p>Denizli\u2019de \u00d6zel \u0130nsanlar Derne\u011fi taraf\u0131ndan d\u00fczenlenen \u20181 Dakika \u00d6zel \u0130nsan\u2019 etkinli\u011finde vatanda\u015flar, engelli bireylerin g\u00fcnl\u00fck ya\u015famda kar\u015f\u0131la\u015ft\u0131\u011f\u0131 zorluklar\u0131 empati yoluyla hissetti.<br \/>\n<br \/>Denizli\u2019de, engelli bireylere y\u00f6nelik fark\u0131ndal\u0131k olu\u015fturmak amac\u0131yla \u00d6zel \u0130nsanlar Derne\u011fi taraf\u0131ndan d\u00fczenlenen &#8220;1 Dakika \u00d6zel \u0130nsan&#8221; etkinli\u011fi, 2 Aral\u0131k 2025 Sal\u0131 g\u00fcn\u00fc \u00c7elikli Meydan\u0131 Cando\u011fan Park\u0131\u2019nda yo\u011fun kat\u0131l\u0131mla ger\u00e7ekle\u015ftirildi. Etkinlik, engeli bireylerin ya\u015fad\u0131\u011f\u0131 zorluklar konusunda bilin\u00e7lendirmeyi hem de empati kurmalar\u0131n\u0131 sa\u011flamay\u0131 hedefledi.<br \/>\n<br \/>\u00d6zel \u0130nsanlar Derne\u011fi Genel Ba\u015fkan\u0131 Aysun Tonel, etkinlik s\u0131ras\u0131nda yapt\u0131\u011f\u0131 a\u00e7\u0131klamada, 3 Aral\u0131k D\u00fcnya Engelliler G\u00fcn\u00fc\u2019n\u00fcn sadece bir g\u00fcn olmad\u0131\u011f\u0131n\u0131 vurgulayarak, &#8220;Engellilik fark\u0131ndal\u0131\u011f\u0131 bir g\u00fcnle s\u0131n\u0131rl\u0131 olmamal\u0131. Her g\u00fcn fark\u0131ndal\u0131k olu\u015fturmal\u0131 ve toplum olarak empatiyi \u00f6n planda tutmal\u0131y\u0131z&#8221; dedi.<br \/>\n<br \/>Tonel, kat\u0131l\u0131mc\u0131lara seslenerek, engellere de\u011fil, insanlar\u0131n yapabildiklerine odaklanmalar\u0131n\u0131 \u00f6nerdi;<br \/>\n<br \/>&#8220;Bizleri yapamad\u0131klar\u0131m\u0131za de\u011fil, yapabildiklerimize ve sizlere benzeyen yanlar\u0131m\u0131za odaklanarak de\u011ferlendirin. Empati kurmak, engellilik fark\u0131ndal\u0131\u011f\u0131n\u0131 art\u0131rman\u0131n en etkili yoludur.&#8221;<br \/>\n<br \/>Kat\u0131l\u0131mc\u0131lar Empati Deneyimi Ya\u015fad\u0131<br \/>\n<br \/>Etkinlik kapsam\u0131nda vatanda\u015flar, g\u00f6zleri kapal\u0131 \u015fekilde parkta y\u00fcr\u00fcyerek ve \u00e7e\u015fitli g\u00fcnl\u00fck aktiviteleri yapmaya \u00e7al\u0131\u015farak engelli bireylerin ya\u015fad\u0131\u011f\u0131 zorluklar\u0131 birebir deneyimleme f\u0131rsat\u0131 buldu. Bu deneyim, kat\u0131l\u0131mc\u0131lar\u0131n empati kurmas\u0131n\u0131 sa\u011flarken, toplumda engellilere kar\u015f\u0131 duyarl\u0131l\u0131\u011f\u0131 art\u0131rmay\u0131 ama\u00e7lad\u0131.<br \/>\n<br \/>\u00d6zel \u0130nsanlar Derne\u011fi, etkinli\u011fi sadece bir fark\u0131ndal\u0131k projesi olarak de\u011fil, ayn\u0131 zamanda engellilerin toplumsal ya\u015fama kat\u0131l\u0131m\u0131n\u0131 te\u015fvik eden bir sosyal sorumluluk giri\u015fimi olarak da de\u011ferlendirdi.<br \/><\/p>\n","protected":false},"excerpt":{"rendered":"<p>Denizli\u2019de \u00d6zel \u0130nsanlar Derne\u011fi taraf\u0131ndan d\u00fczenlenen \u20181 Dakika \u00d6zel \u0130nsan\u2019 etkinli\u011finde vatanda\u015flar, engelli bireylerin g\u00fcnl\u00fck ya\u015famda kar\u015f\u0131la\u015ft\u0131\u011f\u0131 zorluklar\u0131 empati yoluyla hissetti. Denizli\u2019de, engelli bireylere y\u00f6nelik fark\u0131ndal\u0131k olu\u015fturmak amac\u0131yla \u00d6zel \u0130nsanlar Derne\u011fi taraf\u0131ndan d\u00fczenlenen &#8220;1 Dakika \u00d6zel \u0130nsan&#8221; etkinli\u011fi, 2 Aral\u0131k 2025 Sal\u0131 g\u00fcn\u00fc \u00c7elikli Meydan\u0131 Cando\u011fan Park\u0131\u2019nda yo\u011fun kat\u0131l\u0131mla ger\u00e7ekle\u015ftirildi. Etkinlik, engeli bireylerin ya\u015fad\u0131\u011f\u0131 zorluklar&#8230;<\/p>\n","protected":false},"author":1,"featured_media":71715,"comment_status":"open","ping_status":"open","sticky":false,"template":"","format":"standard","meta":{"_crdt_document":"","footnotes":""},"categories":[123],"tags":[],"class_list":["post-71714","post","type-post","status-publish","format-standard","has-post-thumbnail","hentry","category-gundem"],"_links":{"self":[{"href":"https:\/\/www.egemtv.com\/index.php?rest_route=\/wp\/v2\/posts\/71714","targetHints":{"allow":["GET"]}}],"collection":[{"href":"https:\/\/www.egemtv.com\/index.php?rest_route=\/wp\/v2\/posts"}],"about":[{"href":"https:\/\/www.egemtv.com\/index.php?rest_route=\/wp\/v2\/types\/post"}],"author":[{"embeddable":true,"href":"https:\/\/www.egemtv.com\/index.php?rest_route=\/wp\/v2\/users\/1"}],"replies":[{"embeddable":true,"href":"https:\/\/www.egemtv.com\/index.php?rest_route=%2Fwp%2Fv2%2Fcomments&post=71714"}],"version-history":[{"count":1,"href":"https:\/\/www.egemtv.com\/index.php?rest_route=\/wp\/v2\/posts\/71714\/revisions"}],"predecessor-version":[{"id":71716,"href":"https:\/\/www.egemtv.com\/index.php?rest_route=\/wp\/v2\/posts\/71714\/revisions\/71716"}],"wp:featuredmedia":[{"embeddable":true,"href":"https:\/\/www.egemtv.com\/index.php?rest_route=\/wp\/v2\/media\/71715"}],"wp:attachment":[{"href":"https:\/\/www.egemtv.com\/index.php?rest_route=%2Fwp%2Fv2%2Fmedia&parent=71714"}],"wp:term":[{"taxonomy":"category","embeddable":true,"href":"https:\/\/www.egemtv.com\/index.php?rest_route=%2Fwp%2Fv2%2Fcategories&post=71714"},{"taxonomy":"post_tag","embeddable":true,"href":"https:\/\/www.egemtv.com\/index.php?rest_route=%2Fwp%2Fv2%2Ftags&post=71714"}],"curies":[{"name":"wp","href":"https:\/\/api.w.org\/{rel}","templated":true}]}}