{"id":71711,"date":"2025-12-03T11:35:52","date_gmt":"2025-12-03T08:35:52","guid":{"rendered":"https:\/\/www.egemtv.com\/?p=71711"},"modified":"2025-12-03T11:35:53","modified_gmt":"2025-12-03T08:35:53","slug":"efelerde-sap-hastaligi-bilgilendirmesi","status":"publish","type":"post","link":"https:\/\/www.egemtv.com\/?p=71711","title":{"rendered":"Efeler\u2019de \u015fap hastal\u0131\u011f\u0131 bilgilendirmesi"},"content":{"rendered":"<p>Ayd\u0131n\u2019\u0131n Efeler il\u00e7esinde \u00fcreticilere \u015fap hastal\u0131\u011f\u0131 konusunda bilgilendirmede bulunuldu.<br \/>\n<br \/>Ayd\u0131n \u0130l Tar\u0131m ve Orman M\u00fcd\u00fcrl\u00fc\u011f\u00fc olarak hayvan sa\u011fl\u0131\u011f\u0131n\u0131 korumak ve \u00fcreticileri bilgilendirmek amac\u0131yla y\u00fcr\u00fct\u00fclen \u00e7al\u0131\u015fmalarla ilgili, Efeler Karahay\u0131t Mahallesi\u2019nde \u015fap hastal\u0131\u011f\u0131 hakk\u0131nda bilgilendirme toplant\u0131s\u0131 ger\u00e7ekle\u015ftirildi. Toplant\u0131da \u00fcreticilere \u015fap hastal\u0131\u011f\u0131 ile m\u00fccadele ve hastal\u0131ktan korunma y\u00f6ntemleri, Ayd\u0131n genelinde hastal\u0131kla ilgili y\u00fcr\u00fct\u00fclen \u00e7al\u0131\u015fmalar hakk\u0131nda konu uzman\u0131 veteriner hekimler taraf\u0131ndan ayr\u0131nt\u0131l\u0131 sunum ger\u00e7ekle\u015ftirildi. Sunum sonras\u0131 \u00fcreticilerimizin sorular\u0131 yan\u0131tlanarak gerekli bilgilendirmeler yap\u0131ld\u0131.<br \/>\n<br \/>Toplant\u0131ya \u0130l M\u00fcd\u00fcr\u00fc Ayhan Temiz, \u0130l M\u00fcd\u00fcr Yard\u0131mc\u0131s\u0131 Veteriner Hekim Dr. H. Eray Ye\u015fil\u00e7ay\u0131r, Hayvan Sa\u011fl\u0131\u011f\u0131 ve Yeti\u015ftiricili\u011fi \u015eube M\u00fcd\u00fcr\u00fc Veteriner Hekim Ahmet Gezman ve Efeler \u0130l\u00e7e M\u00fcd\u00fcr\u00fc Mehmet Esen kat\u0131l\u0131m sa\u011flad\u0131.<br \/><\/p>\n","protected":false},"excerpt":{"rendered":"<p>Ayd\u0131n\u2019\u0131n Efeler il\u00e7esinde \u00fcreticilere \u015fap hastal\u0131\u011f\u0131 konusunda bilgilendirmede bulunuldu. Ayd\u0131n \u0130l Tar\u0131m ve Orman M\u00fcd\u00fcrl\u00fc\u011f\u00fc olarak hayvan sa\u011fl\u0131\u011f\u0131n\u0131 korumak ve \u00fcreticileri bilgilendirmek amac\u0131yla y\u00fcr\u00fct\u00fclen \u00e7al\u0131\u015fmalarla ilgili, Efeler Karahay\u0131t Mahallesi\u2019nde \u015fap hastal\u0131\u011f\u0131 hakk\u0131nda bilgilendirme toplant\u0131s\u0131 ger\u00e7ekle\u015ftirildi. Toplant\u0131da \u00fcreticilere \u015fap hastal\u0131\u011f\u0131 ile m\u00fccadele ve hastal\u0131ktan korunma y\u00f6ntemleri, Ayd\u0131n genelinde hastal\u0131kla ilgili y\u00fcr\u00fct\u00fclen \u00e7al\u0131\u015fmalar hakk\u0131nda konu uzman\u0131 veteriner&#8230;<\/p>\n","protected":false},"author":1,"featured_media":71712,"comment_status":"open","ping_status":"open","sticky":false,"template":"","format":"standard","meta":{"_crdt_document":"","footnotes":""},"categories":[1],"tags":[],"class_list":["post-71711","post","type-post","status-publish","format-standard","has-post-thumbnail","hentry","category-guncel"],"_links":{"self":[{"href":"https:\/\/www.egemtv.com\/index.php?rest_route=\/wp\/v2\/posts\/71711","targetHints":{"allow":["GET"]}}],"collection":[{"href":"https:\/\/www.egemtv.com\/index.php?rest_route=\/wp\/v2\/posts"}],"about":[{"href":"https:\/\/www.egemtv.com\/index.php?rest_route=\/wp\/v2\/types\/post"}],"author":[{"embeddable":true,"href":"https:\/\/www.egemtv.com\/index.php?rest_route=\/wp\/v2\/users\/1"}],"replies":[{"embeddable":true,"href":"https:\/\/www.egemtv.com\/index.php?rest_route=%2Fwp%2Fv2%2Fcomments&post=71711"}],"version-history":[{"count":1,"href":"https:\/\/www.egemtv.com\/index.php?rest_route=\/wp\/v2\/posts\/71711\/revisions"}],"predecessor-version":[{"id":71713,"href":"https:\/\/www.egemtv.com\/index.php?rest_route=\/wp\/v2\/posts\/71711\/revisions\/71713"}],"wp:featuredmedia":[{"embeddable":true,"href":"https:\/\/www.egemtv.com\/index.php?rest_route=\/wp\/v2\/media\/71712"}],"wp:attachment":[{"href":"https:\/\/www.egemtv.com\/index.php?rest_route=%2Fwp%2Fv2%2Fmedia&parent=71711"}],"wp:term":[{"taxonomy":"category","embeddable":true,"href":"https:\/\/www.egemtv.com\/index.php?rest_route=%2Fwp%2Fv2%2Fcategories&post=71711"},{"taxonomy":"post_tag","embeddable":true,"href":"https:\/\/www.egemtv.com\/index.php?rest_route=%2Fwp%2Fv2%2Ftags&post=71711"}],"curies":[{"name":"wp","href":"https:\/\/api.w.org\/{rel}","templated":true}]}}