{"id":7165,"date":"2025-01-12T10:32:51","date_gmt":"2025-01-12T07:32:51","guid":{"rendered":"https:\/\/www.egemtv.com\/?p=7165"},"modified":"2025-01-12T10:33:02","modified_gmt":"2025-01-12T07:33:02","slug":"germencik-76-deve-guresi-festivali-hava-muhalefeti-nedeniyle-gerceklestirilemedi","status":"publish","type":"post","link":"https:\/\/www.egemtv.com\/?p=7165","title":{"rendered":"Germencik 76 Deve G\u00fcre\u015fi Festivali hava muhalefeti nedeniyle ger\u00e7ekle\u015ftirilemedi"},"content":{"rendered":"<p>Y\u00f6r\u00fck k\u00fclt\u00fcr\u00fcn\u00fcn en uzun s\u00fcredir ya\u015fat\u0131ld\u0131\u011f\u0131 merkezlerden biri olan ve deve g\u00fcre\u015flerinin k\u0131rkp\u0131nar\u0131 olarak adland\u0131r\u0131lan Germencik il\u00e7esinde bu y\u0131l 76.s\u0131 terti\u011f edilen g\u00fcre\u015fler ya\u011f\u0131\u015f nedeniyle iptal edildi.<br \/>\n<br \/>Uzun s\u00fcredir haz\u0131rl\u0131klar\u0131 s\u00fcrd\u00fcr\u00fclen Germencik Deve G\u00fcre\u015fi Festivali i\u00e7in, \u00c7anakkale\u2019den Antalya\u2019ya, Bal\u0131kesir\u2019den Denizli\u2019ye kadar devecilik k\u00fclt\u00fcr\u00fc\u00fcn ya\u015fat\u0131ld\u0131\u011f\u0131 Ege ve Marmra illerinden t\u00fcm develer davet edildi. D\u00fcn Germencik il\u00e7emerkezinde ger\u00e7ekle\u015ftirilen deve g\u00fczellik yar\u0131\u015fmas\u0131 ve \u015fehir merkezindeki develi kortej y\u00fcr\u00fcy\u00fc\u015f\u00fcn\u00fcn ard\u0131ndan arenaya haz\u0131rlanan develer ya\u011f\u0131\u015flar nedeniyle g\u00fcre\u015ftirilemedi. Sabah\u0131n i\u015flk \u0131\u015f\u0131klar\u0131 ile birlikte aranada zemin kontrol\u00fc yap\u0131ld\u0131. Germencik Belediye Ba\u015fkan\u0131 Burak Zencirli ba\u015fkanl\u0131\u011f\u0131nda de\u011ferlendirme yapan g\u00fcre\u015f komitesi ya\u011f\u0131\u015f dolay\u0131s\u0131yla g\u00fcre\u015fleri iptal etti.<br \/>\n<br \/>Konuyla ilgili a\u00e7\u0131klama yapan Germencik Belediye Ba\u015fkan\u0131 Burak Zencirci, &#8220;Uzun bir s\u00fcredir haz\u0131rl\u0131klar\u0131n\u0131 s\u00fcrd\u00fcrd\u00fc\u011f\u00fcm\u00fcz 76. Geleneksel Germencik Deve G\u00fcre\u015fi Festivalimiz hava muhalefeti sebebiyle iptal olmu\u015ftur. Sabah\u0131n erken saatlerinde komitemizle birlikte incelemelerde bulunduk ancak zeminin ve havan\u0131n g\u00fcre\u015flere m\u00fcsait olmad\u0131\u011f\u0131 karar\u0131 al\u0131nd\u0131. Bu s\u00fcre\u00e7te eme\u011fi ge\u00e7en herkese sonsuz te\u015fekk\u00fcr ediyorum. Hay\u0131rl\u0131s\u0131 olsun en az\u0131ndan ya\u011fmurun bereketi \u00e7ift\u00e7imize yarad\u0131. Bir sonraki k\u00fclt\u00fcrel etkinli\u011fimizde bulu\u015fmak \u00fczere, sayg\u0131lar\u0131mla&#8221; ifadelerine yer verdi.<br \/>\n<br \/><img fetchpriority=\"high\" decoding=\"async\" width=\"1280\" height=\"853\" src=\"https:\/\/www.egemtv.com\/wp-content\/uploads\/2025\/01\/germencik-76-deve-guresi-festivali-hava-muhalefeti-nedeniyle-gerceklestirilemedi_fd0fab50e840.jpg\" class=\"attachment-full size-full not-transparent\" alt=\"\" data-has-transparency=\"false\" data-dominant-color=\"33353b\" style=\"--dominant-color: #33353b\" \/><img decoding=\"async\" width=\"1280\" height=\"853\" src=\"https:\/\/www.egemtv.com\/wp-content\/uploads\/2025\/01\/germencik-76-deve-guresi-festivali-hava-muhalefeti-nedeniyle-gerceklestirilemedi_898d827d253b.jpg\" class=\"attachment-full size-full not-transparent\" alt=\"\" data-has-transparency=\"false\" data-dominant-color=\"595e65\" style=\"--dominant-color: #595e65\" \/><img decoding=\"async\" width=\"1280\" height=\"853\" src=\"https:\/\/www.egemtv.com\/wp-content\/uploads\/2025\/01\/germencik-76-deve-guresi-festivali-hava-muhalefeti-nedeniyle-gerceklestirilemedi_602dcd823326.jpg\" class=\"attachment-full size-full not-transparent\" alt=\"\" data-has-transparency=\"false\" data-dominant-color=\"5c6064\" style=\"--dominant-color: #5c6064\" \/><img loading=\"lazy\" decoding=\"async\" width=\"1280\" height=\"853\" src=\"https:\/\/www.egemtv.com\/wp-content\/uploads\/2025\/01\/germencik-76-deve-guresi-festivali-hava-muhalefeti-nedeniyle-gerceklestirilemedi_9206095cbab4.jpg\" class=\"attachment-full size-full not-transparent\" alt=\"\" data-has-transparency=\"false\" data-dominant-color=\"6b6360\" style=\"--dominant-color: #6b6360\" \/><img loading=\"lazy\" decoding=\"async\" width=\"1280\" height=\"853\" src=\"https:\/\/www.egemtv.com\/wp-content\/uploads\/2025\/01\/germencik-76-deve-guresi-festivali-hava-muhalefeti-nedeniyle-gerceklestirilemedi_6f32c080af2f.jpg\" class=\"attachment-full size-full not-transparent\" alt=\"\" data-has-transparency=\"false\" data-dominant-color=\"3c3d42\" style=\"--dominant-color: #3c3d42\" \/><img loading=\"lazy\" decoding=\"async\" width=\"1280\" height=\"960\" src=\"https:\/\/www.egemtv.com\/wp-content\/uploads\/2025\/01\/germencik-76-deve-guresi-festivali-hava-muhalefeti-nedeniyle-gerceklestirilemedi_4414d982c445.jpg\" class=\"attachment-full size-full not-transparent\" alt=\"\" data-has-transparency=\"false\" data-dominant-color=\"6d6c67\" style=\"--dominant-color: #6d6c67\" \/><img loading=\"lazy\" decoding=\"async\" width=\"1280\" height=\"960\" src=\"https:\/\/www.egemtv.com\/wp-content\/uploads\/2025\/01\/germencik-76-deve-guresi-festivali-hava-muhalefeti-nedeniyle-gerceklestirilemedi_b3d6c89ef178.jpg\" class=\"attachment-full size-full not-transparent\" alt=\"\" data-has-transparency=\"false\" data-dominant-color=\"797572\" style=\"--dominant-color: #797572\" \/><\/p>\n","protected":false},"excerpt":{"rendered":"<p>Y\u00f6r\u00fck k\u00fclt\u00fcr\u00fcn\u00fcn en uzun s\u00fcredir ya\u015fat\u0131ld\u0131\u011f\u0131 merkezlerden biri olan ve deve g\u00fcre\u015flerinin k\u0131rkp\u0131nar\u0131 olarak adland\u0131r\u0131lan Germencik il\u00e7esinde bu y\u0131l 76.s\u0131 terti\u011f edilen g\u00fcre\u015fler ya\u011f\u0131\u015f nedeniyle iptal edildi. Uzun s\u00fcredir haz\u0131rl\u0131klar\u0131 s\u00fcrd\u00fcr\u00fclen Germencik Deve G\u00fcre\u015fi Festivali i\u00e7in, \u00c7anakkale\u2019den Antalya\u2019ya, Bal\u0131kesir\u2019den Denizli\u2019ye kadar devecilik k\u00fclt\u00fcr\u00fc\u00fcn ya\u015fat\u0131ld\u0131\u011f\u0131 Ege ve Marmra illerinden t\u00fcm develer davet edildi. D\u00fcn Germencik il\u00e7emerkezinde&#8230;<\/p>\n","protected":false},"author":1,"featured_media":7166,"comment_status":"open","ping_status":"open","sticky":false,"template":"","format":"standard","meta":{"_crdt_document":"","footnotes":""},"categories":[1],"tags":[],"class_list":["post-7165","post","type-post","status-publish","format-standard","has-post-thumbnail","hentry","category-guncel"],"_links":{"self":[{"href":"https:\/\/www.egemtv.com\/index.php?rest_route=\/wp\/v2\/posts\/7165","targetHints":{"allow":["GET"]}}],"collection":[{"href":"https:\/\/www.egemtv.com\/index.php?rest_route=\/wp\/v2\/posts"}],"about":[{"href":"https:\/\/www.egemtv.com\/index.php?rest_route=\/wp\/v2\/types\/post"}],"author":[{"embeddable":true,"href":"https:\/\/www.egemtv.com\/index.php?rest_route=\/wp\/v2\/users\/1"}],"replies":[{"embeddable":true,"href":"https:\/\/www.egemtv.com\/index.php?rest_route=%2Fwp%2Fv2%2Fcomments&post=7165"}],"version-history":[{"count":1,"href":"https:\/\/www.egemtv.com\/index.php?rest_route=\/wp\/v2\/posts\/7165\/revisions"}],"predecessor-version":[{"id":7174,"href":"https:\/\/www.egemtv.com\/index.php?rest_route=\/wp\/v2\/posts\/7165\/revisions\/7174"}],"wp:featuredmedia":[{"embeddable":true,"href":"https:\/\/www.egemtv.com\/index.php?rest_route=\/wp\/v2\/media\/7166"}],"wp:attachment":[{"href":"https:\/\/www.egemtv.com\/index.php?rest_route=%2Fwp%2Fv2%2Fmedia&parent=7165"}],"wp:term":[{"taxonomy":"category","embeddable":true,"href":"https:\/\/www.egemtv.com\/index.php?rest_route=%2Fwp%2Fv2%2Fcategories&post=7165"},{"taxonomy":"post_tag","embeddable":true,"href":"https:\/\/www.egemtv.com\/index.php?rest_route=%2Fwp%2Fv2%2Ftags&post=7165"}],"curies":[{"name":"wp","href":"https:\/\/api.w.org\/{rel}","templated":true}]}}