{"id":71621,"date":"2025-12-03T09:34:56","date_gmt":"2025-12-03T06:34:56","guid":{"rendered":"https:\/\/www.egemtv.com\/?p=71621"},"modified":"2025-12-03T09:34:57","modified_gmt":"2025-12-03T06:34:57","slug":"kutahyada-yakalanan-38-aranan-sahistan-22-si-tutuklandi","status":"publish","type":"post","link":"https:\/\/www.egemtv.com\/?p=71621","title":{"rendered":"K\u00fctahya\u2019da yakalanan 38 aranan \u015fah\u0131stan 22 \u2019si tutukland\u0131"},"content":{"rendered":"<p>K\u00fctahya \u0130l Emniyet M\u00fcd\u00fcrl\u00fc\u011f\u00fc ekipleri taraf\u0131ndan son iki hafta i\u00e7erisinde yap\u0131lan \u00e7al\u0131\u015fmalar neticesinde yakalanan 38 aranan \u015fah\u0131stan 22\u2019sinin tutukland\u0131\u011f\u0131 bildirildi.<br \/>\n<br \/>\u0130l Emniyet M\u00fcd\u00fcrl\u00fc\u011f\u00fc Asayi\u015f, Narkotik ile Ka\u00e7ak\u00e7\u0131l\u0131k ve Organize Su\u00e7larla M\u00fccadele (KOM) ekipleri taraf\u0131ndan son iki hafta i\u00e7erisinde yap\u0131lan \u00e7al\u0131\u015fmalar neticesinde, yakalanan 38 aranan \u015fah\u0131stan 22\u2019si tutuklanarak K\u00fctahya Ceza \u0130nfaz Kurumuna teslim edildi.<br \/>\n<br \/>Bu s\u00fcre zarf\u0131nda 13 bin 794 \u015fah\u0131s ve 2 bin 899 ara\u00e7 kontrol edildi. 162 umuma a\u00e7\u0131k i\u015fletme, 116 park, 105 ticari taksi, 129 motosiklet denetimi yap\u0131ld\u0131. 4 adet ruhsats\u0131z av t\u00fcfe\u011fi, 18 adet kartu\u015f, 6 adet ruhsats\u0131z tabanca, 4 adet kurus\u0131k\u0131 tabanca, 458 adet fi\u015fek, 30 adet kesici alet, 1 adet tarihi eser ele ge\u00e7irildi. 15 kay\u0131p \u015fah\u0131s bulunurken, 64 \u015fahsa Kabahatler Kanununun ilgili maddeleri gere\u011fince idari i\u015flem yap\u0131ld\u0131. \u0130l genelinde Narkotik su\u00e7larla m\u00fccadeleye y\u00f6nelik yap\u0131lan \u00e7al\u0131\u015fmalarda 83 olayda, yakalanm\u0131\u015f 121 \u015fah\u0131stan 17 \u015fah\u0131s tutukland\u0131. 4 bin 249 gram narkotik madde, 2 bin 315 adet sentetik ecza hap, 285 adet ecstacy ele ge\u00e7irildi. Ka\u00e7ak\u00e7\u0131l\u0131k su\u00e7lar\u0131yla m\u00fccadeleye y\u00f6nelik yap\u0131lan \u00e7al\u0131\u015fmalarda, 742 bin 760 adet makaron, 342.3 kilogram t\u00fct\u00fcn, 2 adet sigara sarma makinesi, 4 adet ka\u00e7ak cep telefonu, 5 adet tarihi eser oldu\u011fu de\u011ferlendirilen sikke ele ge\u00e7irildi. Tefecilik operasyonunda 2 \u015f\u00fcpheli \u015fahsa adli i\u015flem yap\u0131l\u0131rken 45 adet bo\u015f senet, 3 adet de\u011feri 11 bin 800 TL olan senetler ele ge\u00e7irildi.<br \/><\/p>\n","protected":false},"excerpt":{"rendered":"<p>K\u00fctahya \u0130l Emniyet M\u00fcd\u00fcrl\u00fc\u011f\u00fc ekipleri taraf\u0131ndan son iki hafta i\u00e7erisinde yap\u0131lan \u00e7al\u0131\u015fmalar neticesinde yakalanan 38 aranan \u015fah\u0131stan 22\u2019sinin tutukland\u0131\u011f\u0131 bildirildi. \u0130l Emniyet M\u00fcd\u00fcrl\u00fc\u011f\u00fc Asayi\u015f, Narkotik ile Ka\u00e7ak\u00e7\u0131l\u0131k ve Organize Su\u00e7larla M\u00fccadele (KOM) ekipleri taraf\u0131ndan son iki hafta i\u00e7erisinde yap\u0131lan \u00e7al\u0131\u015fmalar neticesinde, yakalanan 38 aranan \u015fah\u0131stan 22\u2019si tutuklanarak K\u00fctahya Ceza \u0130nfaz Kurumuna teslim edildi. Bu s\u00fcre&#8230;<\/p>\n","protected":false},"author":1,"featured_media":71622,"comment_status":"open","ping_status":"open","sticky":false,"template":"","format":"standard","meta":{"_crdt_document":"","footnotes":""},"categories":[5],"tags":[],"class_list":["post-71621","post","type-post","status-publish","format-standard","has-post-thumbnail","hentry","category-asayis"],"_links":{"self":[{"href":"https:\/\/www.egemtv.com\/index.php?rest_route=\/wp\/v2\/posts\/71621","targetHints":{"allow":["GET"]}}],"collection":[{"href":"https:\/\/www.egemtv.com\/index.php?rest_route=\/wp\/v2\/posts"}],"about":[{"href":"https:\/\/www.egemtv.com\/index.php?rest_route=\/wp\/v2\/types\/post"}],"author":[{"embeddable":true,"href":"https:\/\/www.egemtv.com\/index.php?rest_route=\/wp\/v2\/users\/1"}],"replies":[{"embeddable":true,"href":"https:\/\/www.egemtv.com\/index.php?rest_route=%2Fwp%2Fv2%2Fcomments&post=71621"}],"version-history":[{"count":1,"href":"https:\/\/www.egemtv.com\/index.php?rest_route=\/wp\/v2\/posts\/71621\/revisions"}],"predecessor-version":[{"id":71623,"href":"https:\/\/www.egemtv.com\/index.php?rest_route=\/wp\/v2\/posts\/71621\/revisions\/71623"}],"wp:featuredmedia":[{"embeddable":true,"href":"https:\/\/www.egemtv.com\/index.php?rest_route=\/wp\/v2\/media\/71622"}],"wp:attachment":[{"href":"https:\/\/www.egemtv.com\/index.php?rest_route=%2Fwp%2Fv2%2Fmedia&parent=71621"}],"wp:term":[{"taxonomy":"category","embeddable":true,"href":"https:\/\/www.egemtv.com\/index.php?rest_route=%2Fwp%2Fv2%2Fcategories&post=71621"},{"taxonomy":"post_tag","embeddable":true,"href":"https:\/\/www.egemtv.com\/index.php?rest_route=%2Fwp%2Fv2%2Ftags&post=71621"}],"curies":[{"name":"wp","href":"https:\/\/api.w.org\/{rel}","templated":true}]}}