{"id":71618,"date":"2025-12-03T09:34:55","date_gmt":"2025-12-03T06:34:55","guid":{"rendered":"https:\/\/www.egemtv.com\/?p=71618"},"modified":"2025-12-03T09:34:56","modified_gmt":"2025-12-03T06:34:56","slug":"vali-coskun-gercek-engel-sevgisizliktir","status":"publish","type":"post","link":"https:\/\/www.egemtv.com\/?p=71618","title":{"rendered":"Vali Co\u015fkun; &#8220;Ger\u00e7ek engel sevgisizliktir&#8221;"},"content":{"rendered":"<p>DEN\u0130ZL\u0130 (\u0130HA) \u2013 Denizli Valisi \u00d6mer Faruk Co\u015fkun, 3 Aral\u0131k D\u00fcnya Engelliler G\u00fcn\u00fc mesaj\u0131nda; &#8220;Engellili\u011fin bir eksiklik ve engelli bireylerimizin ki\u015fisel meselesi de\u011fil; toplumun tamam\u0131n\u0131 ilgilendiren, sosyal, k\u00fclt\u00fcrel ortak duyarl\u0131l\u0131k ve sorumluluk gerektiren bir konu oldu\u011funun bilinciyle hareket etmeliyiz&#8221; dedi.<\/p>\n<p>3 Aral\u0131k D\u00fcnya Engelliler G\u00fcn\u00fc\u2019n\u00fcn engellilerin seslerini duyurmalar\u0131 ve onlara kar\u015f\u0131 olan sorumluluklar\u0131n bilinmesi a\u00e7\u0131s\u0131ndan \u00f6nem ta\u015f\u0131d\u0131\u011f\u0131n\u0131 ifade eden Vali Co\u015fkun, &#8221; \u2018\u0130nsan\u0131 ya\u015fat ki devlet ya\u015fas\u0131n\u2019 anlay\u0131\u015f\u0131 do\u011frultusunda sa\u011fduyulu, haklara sayg\u0131l\u0131 ve yard\u0131mla\u015fmay\u0131 seven bir toplumun mensuplar\u0131 olarak devletimiz; e\u011fitimden sa\u011fl\u0131\u011fa, istihdamdan sosyal hayata kadar \u00e7ok geni\u015f bir alanda engelli karde\u015flerimize hizmet etme anlay\u0131\u015f\u0131na b\u00fcy\u00fck \u00f6nem vermektedir. Son y\u0131llarda devletimiz, engelli bireylerimizi ya\u015fam\u0131n her alan\u0131nda destekleyen son derece \u00f6nemli projeleri hayata ge\u00e7irmi\u015ftir. Artan ihtiya\u00e7lar do\u011frultusunda hak temelli bir anlay\u0131\u015fla hareket eden devletimiz; a\u00e7\u0131k alanlarda, kamu binalar\u0131nda, toplu ta\u015f\u0131ma ara\u00e7lar\u0131nda, bilgi ve ileti\u015fim sistemlerinde eri\u015filebilirlik standartlar\u0131n\u0131 g\u00fc\u00e7lendirerek bu \u00e7al\u0131\u015fmalar\u0131 \u00e7e\u015fitlendirmeye devam etmektedir. Bu do\u011frultuda Valili\u011fimiz; engelli bireylerin temel insan haklar\u0131n\u0131 di\u011fer bireylerle e\u015fit bir \u015fekilde kullanabilmeleri, ayr\u0131mc\u0131l\u0131\u011fa maruz kalmamalar\u0131, topluma tam ve etkin kat\u0131l\u0131mlar\u0131n\u0131n sa\u011flanabilmesi i\u00e7in \u00e7al\u0131\u015fmalar\u0131n\u0131 kararl\u0131l\u0131kla s\u00fcrd\u00fcrmektedir. Engelli bireylerin hak ve \u00f6zg\u00fcrl\u00fcklerinin g\u00fcvence alt\u0131na al\u0131nmas\u0131na y\u00f6nelik faaliyetlerimizi; Aile ve Sosyal Hizmetler \u0130l M\u00fcd\u00fcrl\u00fc\u011f\u00fcm\u00fcz, ilgili kurumlar\u0131m\u0131z ve sivil toplum kurulu\u015flar\u0131yla g\u00fc\u00e7l\u00fc i\u015f birli\u011fi i\u00e7inde y\u00fcr\u00fctmekteyiz.  Spor, sanat, edebiyat ve bilim ba\u015fta olmak \u00fczere bir\u00e7ok alanda engel tan\u0131mayan kahramanlar\u0131m\u0131z\u0131n kazand\u0131\u011f\u0131 her ba\u015far\u0131; \u00e7al\u0131\u015fmalar\u0131m\u0131za y\u00f6n veren, azmimizi tazeleyen ve bizlere ilham a\u015f\u0131layan bir g\u00fc\u00e7 olmaktad\u0131r. Onlar\u0131n desteklenmeleri h\u00e2linde neleri ba\u015farabileceklerini g\u00f6rmek, ya\u015fama sevincini y\u00fcksek tutarak hayata sar\u0131lmalar\u0131na \u015fahit olmak bizler i\u00e7in b\u00fcy\u00fck bir mutluluk kayna\u011f\u0131d\u0131r. Her sa\u011fl\u0131kl\u0131 insan\u0131n bir engelli aday\u0131 olabilece\u011fi ger\u00e7e\u011fini unutmadan, engellili\u011fin bir eksiklik ve engelli bireylerimizin ki\u015fisel meselesi de\u011fil; toplumun tamam\u0131n\u0131 ilgilendiren, sosyal, k\u00fclt\u00fcrel ortak duyarl\u0131l\u0131k ve sorumluluk gerektiren bir konu oldu\u011funun bilinciyle hareket etmeliyiz. Ger\u00e7ek engelin sevgisizlik oldu\u011funu hat\u0131rlatarak 3 Aral\u0131k D\u00fcnya Engelliler G\u00fcn\u00fc\u2019n\u00fcn t\u00fcm engelli vatanda\u015flar\u0131m\u0131za sa\u011fl\u0131kl\u0131, mutlu ve ba\u015far\u0131l\u0131 bir ya\u015fam getirmesini diliyorum&#8221; \u015feklinde konu\u015ftu.<br \/><\/p>\n","protected":false},"excerpt":{"rendered":"<p>DEN\u0130ZL\u0130 (\u0130HA) \u2013 Denizli Valisi \u00d6mer Faruk Co\u015fkun, 3 Aral\u0131k D\u00fcnya Engelliler G\u00fcn\u00fc mesaj\u0131nda; &#8220;Engellili\u011fin bir eksiklik ve engelli bireylerimizin ki\u015fisel meselesi de\u011fil; toplumun tamam\u0131n\u0131 ilgilendiren, sosyal, k\u00fclt\u00fcrel ortak duyarl\u0131l\u0131k ve sorumluluk gerektiren bir konu oldu\u011funun bilinciyle hareket etmeliyiz&#8221; dedi. 3 Aral\u0131k D\u00fcnya Engelliler G\u00fcn\u00fc\u2019n\u00fcn engellilerin seslerini duyurmalar\u0131 ve onlara kar\u015f\u0131 olan sorumluluklar\u0131n bilinmesi a\u00e7\u0131s\u0131ndan&#8230;<\/p>\n","protected":false},"author":1,"featured_media":71619,"comment_status":"open","ping_status":"open","sticky":false,"template":"","format":"standard","meta":{"_crdt_document":"","footnotes":""},"categories":[123],"tags":[],"class_list":["post-71618","post","type-post","status-publish","format-standard","has-post-thumbnail","hentry","category-gundem"],"_links":{"self":[{"href":"https:\/\/www.egemtv.com\/index.php?rest_route=\/wp\/v2\/posts\/71618","targetHints":{"allow":["GET"]}}],"collection":[{"href":"https:\/\/www.egemtv.com\/index.php?rest_route=\/wp\/v2\/posts"}],"about":[{"href":"https:\/\/www.egemtv.com\/index.php?rest_route=\/wp\/v2\/types\/post"}],"author":[{"embeddable":true,"href":"https:\/\/www.egemtv.com\/index.php?rest_route=\/wp\/v2\/users\/1"}],"replies":[{"embeddable":true,"href":"https:\/\/www.egemtv.com\/index.php?rest_route=%2Fwp%2Fv2%2Fcomments&post=71618"}],"version-history":[{"count":1,"href":"https:\/\/www.egemtv.com\/index.php?rest_route=\/wp\/v2\/posts\/71618\/revisions"}],"predecessor-version":[{"id":71620,"href":"https:\/\/www.egemtv.com\/index.php?rest_route=\/wp\/v2\/posts\/71618\/revisions\/71620"}],"wp:featuredmedia":[{"embeddable":true,"href":"https:\/\/www.egemtv.com\/index.php?rest_route=\/wp\/v2\/media\/71619"}],"wp:attachment":[{"href":"https:\/\/www.egemtv.com\/index.php?rest_route=%2Fwp%2Fv2%2Fmedia&parent=71618"}],"wp:term":[{"taxonomy":"category","embeddable":true,"href":"https:\/\/www.egemtv.com\/index.php?rest_route=%2Fwp%2Fv2%2Fcategories&post=71618"},{"taxonomy":"post_tag","embeddable":true,"href":"https:\/\/www.egemtv.com\/index.php?rest_route=%2Fwp%2Fv2%2Ftags&post=71618"}],"curies":[{"name":"wp","href":"https:\/\/api.w.org\/{rel}","templated":true}]}}