{"id":71615,"date":"2025-12-03T09:34:55","date_gmt":"2025-12-03T06:34:55","guid":{"rendered":"https:\/\/www.egemtv.com\/?p=71615"},"modified":"2025-12-03T09:34:55","modified_gmt":"2025-12-03T06:34:55","slug":"kutahyada-emekli-sayisi-aktif-calisanlari-gecti","status":"publish","type":"post","link":"https:\/\/www.egemtv.com\/?p=71615","title":{"rendered":"K\u00fctahya\u2019da emekli say\u0131s\u0131 aktif \u00e7al\u0131\u015fanlar\u0131 ge\u00e7ti"},"content":{"rendered":"<p>K\u00fctahya\u2019da emekli say\u0131s\u0131n\u0131n aktif \u00e7al\u0131\u015fanlar\u0131 ge\u00e7ti\u011fi bildirildi.<br \/>\n<br \/>Sosyal G\u00fcvenlik Kurumu (SGK) verilerine g\u00f6re, K\u00fctahya\u2019n\u0131n da aralar\u0131nda bulundu\u011fu 21 ilde emekli, dul ve yetim ayl\u0131\u011f\u0131 alanlar\u0131n say\u0131s\u0131, o ildeki aktif \u00e7al\u0131\u015fan say\u0131s\u0131n\u0131 geride b\u0131rakt\u0131. 2024 y\u0131l\u0131 istatistiklerine g\u00f6re K\u00fctahya\u2019da 142 bin 451 ki\u015fi emekli, dul ve yetim ayl\u0131\u011f\u0131 al\u0131rken, zorunlu sigorta kapsam\u0131nda aktif \u00e7al\u0131\u015fan say\u0131s\u0131 139 bin 109 olarak kaydedildi.<br \/>\n<br \/>T\u00fcrkiye genelinde ise 2024 sonu itibar\u0131yla 25 milyon 625 bin 750 aktif sigortal\u0131ya kar\u015f\u0131l\u0131k 16 milyon 677 bin 617 emekli, dul ve yetim ayl\u0131\u011f\u0131 alan ki\u015fi bulunuyor. SGK, aktif\/pasif oran\u0131n\u0131 bu iki veri \u00fczerinden hesapl\u0131yor.<br \/>\n<br \/>Verilere g\u00f6re K\u00fctahya\u2019n\u0131n yan\u0131 s\u0131ra Amasya, Artvin, Ayd\u0131n, Bal\u0131kesir, Burdur, \u00c7anakkale, \u00c7orum, Edirne, Giresun, K\u0131rklareli, K\u0131r\u015fehir, Ordu, Rize, Sinop, Tokat, Trabzon, Yozgat, Zonguldak, Bart\u0131n ve Karab\u00fck\u2019te de pasif sigortal\u0131 say\u0131s\u0131 aktif \u00e7al\u0131\u015fan say\u0131s\u0131ndan daha y\u00fcksek durumda.<br \/>\n<br \/>SGK\u2019n\u0131n 2024 y\u0131l\u0131 rakamlar\u0131, \u00f6zellikle n\u00fcfusu ya\u015flanan ve gen\u00e7 n\u00fcfusun b\u00fcy\u00fck\u015fehirlere g\u00f6\u00e7 etti\u011fi illerde emekli say\u0131s\u0131n\u0131n \u00e7al\u0131\u015fan say\u0131s\u0131n\u0131 a\u015ft\u0131\u011f\u0131n\u0131 ortaya koyuyor.<br \/><\/p>\n","protected":false},"excerpt":{"rendered":"<p>K\u00fctahya\u2019da emekli say\u0131s\u0131n\u0131n aktif \u00e7al\u0131\u015fanlar\u0131 ge\u00e7ti\u011fi bildirildi. Sosyal G\u00fcvenlik Kurumu (SGK) verilerine g\u00f6re, K\u00fctahya\u2019n\u0131n da aralar\u0131nda bulundu\u011fu 21 ilde emekli, dul ve yetim ayl\u0131\u011f\u0131 alanlar\u0131n say\u0131s\u0131, o ildeki aktif \u00e7al\u0131\u015fan say\u0131s\u0131n\u0131 geride b\u0131rakt\u0131. 2024 y\u0131l\u0131 istatistiklerine g\u00f6re K\u00fctahya\u2019da 142 bin 451 ki\u015fi emekli, dul ve yetim ayl\u0131\u011f\u0131 al\u0131rken, zorunlu sigorta kapsam\u0131nda aktif \u00e7al\u0131\u015fan say\u0131s\u0131 139&#8230;<\/p>\n","protected":false},"author":1,"featured_media":71616,"comment_status":"open","ping_status":"open","sticky":false,"template":"","format":"standard","meta":{"_crdt_document":"","footnotes":""},"categories":[125],"tags":[],"class_list":["post-71615","post","type-post","status-publish","format-standard","has-post-thumbnail","hentry","category-ekonomi"],"_links":{"self":[{"href":"https:\/\/www.egemtv.com\/index.php?rest_route=\/wp\/v2\/posts\/71615","targetHints":{"allow":["GET"]}}],"collection":[{"href":"https:\/\/www.egemtv.com\/index.php?rest_route=\/wp\/v2\/posts"}],"about":[{"href":"https:\/\/www.egemtv.com\/index.php?rest_route=\/wp\/v2\/types\/post"}],"author":[{"embeddable":true,"href":"https:\/\/www.egemtv.com\/index.php?rest_route=\/wp\/v2\/users\/1"}],"replies":[{"embeddable":true,"href":"https:\/\/www.egemtv.com\/index.php?rest_route=%2Fwp%2Fv2%2Fcomments&post=71615"}],"version-history":[{"count":1,"href":"https:\/\/www.egemtv.com\/index.php?rest_route=\/wp\/v2\/posts\/71615\/revisions"}],"predecessor-version":[{"id":71617,"href":"https:\/\/www.egemtv.com\/index.php?rest_route=\/wp\/v2\/posts\/71615\/revisions\/71617"}],"wp:featuredmedia":[{"embeddable":true,"href":"https:\/\/www.egemtv.com\/index.php?rest_route=\/wp\/v2\/media\/71616"}],"wp:attachment":[{"href":"https:\/\/www.egemtv.com\/index.php?rest_route=%2Fwp%2Fv2%2Fmedia&parent=71615"}],"wp:term":[{"taxonomy":"category","embeddable":true,"href":"https:\/\/www.egemtv.com\/index.php?rest_route=%2Fwp%2Fv2%2Fcategories&post=71615"},{"taxonomy":"post_tag","embeddable":true,"href":"https:\/\/www.egemtv.com\/index.php?rest_route=%2Fwp%2Fv2%2Ftags&post=71615"}],"curies":[{"name":"wp","href":"https:\/\/api.w.org\/{rel}","templated":true}]}}