{"id":71609,"date":"2025-12-03T09:14:47","date_gmt":"2025-12-03T06:14:47","guid":{"rendered":"https:\/\/www.egemtv.com\/?p=71609"},"modified":"2025-12-03T09:14:48","modified_gmt":"2025-12-03T06:14:48","slug":"hasadi-zahmetli-satisi-ise-sabir-isi","status":"publish","type":"post","link":"https:\/\/www.egemtv.com\/?p=71609","title":{"rendered":"Hasad\u0131 zahmetli, sat\u0131\u015f\u0131 ise sab\u0131r i\u015fi"},"content":{"rendered":"<p>Ayd\u0131n\u2019da kestane hasad\u0131n\u0131n ard\u0131ndan \u00fcreticiler toplad\u0131klar\u0131 \u00fcr\u00fcnleri il\u00e7e pazarlar\u0131nda t\u00fcketiciyle bulu\u015fturuyor. Tezgahlardaki yerini alan kestaneler farkl\u0131 boy ve kalite se\u00e7enekleriyle sat\u0131\u015fa sunuluyor.<\/p>\n<p>Kestane \u00fcretimi Ayd\u0131n\u2019\u0131n en \u00f6nemli tar\u0131msal \u00fcr\u00fcnlerinden biri olarak \u00f6ne \u00e7\u0131k\u0131yor. Ormanl\u0131k ve da\u011fl\u0131k alanlarda yeti\u015fen kestaneler sonbahar aylar\u0131nda olgunla\u015f\u0131yor ve \u00fcreticiler hasat ger\u00e7ekle\u015ftiriyor. Toplanan kestaneler boy ve kaliteye g\u00f6re ayr\u0131ld\u0131ktan sonra pazara veya yerel t\u00fcketiciye sunuluyor. Hem emek hem de zaman gerektiren hasat d\u00f6neminde \u00fcreticiler toplad\u0131klar\u0131 kestaneleri temizleyip sat\u0131\u015fa haz\u0131rl\u0131yor. Ayd\u0131n\u2019\u0131n Bozdo\u011fan il\u00e7esinde pazarda kendi \u00fcretimleri olan kestanelerin sat\u0131\u015f\u0131n\u0131 yapan Muammer Bozyi\u011fit \u00fcr\u00fcnleri kendi toplad\u0131klar\u0131n\u0131 ve arac\u0131s\u0131z \u015fekilde satt\u0131klar\u0131n\u0131 s\u00f6yledi.<\/p>\n<p>Babas\u0131nda miras olan kalan kestane bah\u00e7elerini i\u015fledikleri ifade eden Bozyi\u011fit, &#8220;Babam vefat ettikten sonra kestaneler bize miras kald\u0131. Kendimiz toplay\u0131p kendimiz sat\u0131yoruz. Kestanenin fiyat\u0131 kalite ve irili\u011fine g\u00f6re de\u011fi\u015fiyor. Fiyatlar\u0131 100 liradan ba\u015fl\u0131yor. 120, 150, 200 ve 250 TL\u2019ye kadar \u00e7\u0131kan \u00e7e\u015fitlerimiz var. 250 gram kestane alan bile oluyor&#8221; ifadelerini kulland\u0131.<br \/><\/p>\n","protected":false},"excerpt":{"rendered":"<p>Ayd\u0131n\u2019da kestane hasad\u0131n\u0131n ard\u0131ndan \u00fcreticiler toplad\u0131klar\u0131 \u00fcr\u00fcnleri il\u00e7e pazarlar\u0131nda t\u00fcketiciyle bulu\u015fturuyor. Tezgahlardaki yerini alan kestaneler farkl\u0131 boy ve kalite se\u00e7enekleriyle sat\u0131\u015fa sunuluyor. Kestane \u00fcretimi Ayd\u0131n\u2019\u0131n en \u00f6nemli tar\u0131msal \u00fcr\u00fcnlerinden biri olarak \u00f6ne \u00e7\u0131k\u0131yor. Ormanl\u0131k ve da\u011fl\u0131k alanlarda yeti\u015fen kestaneler sonbahar aylar\u0131nda olgunla\u015f\u0131yor ve \u00fcreticiler hasat ger\u00e7ekle\u015ftiriyor. Toplanan kestaneler boy ve kaliteye g\u00f6re ayr\u0131ld\u0131ktan sonra pazara&#8230;<\/p>\n","protected":false},"author":1,"featured_media":71610,"comment_status":"open","ping_status":"open","sticky":false,"template":"","format":"standard","meta":{"_crdt_document":"","footnotes":""},"categories":[1],"tags":[],"class_list":["post-71609","post","type-post","status-publish","format-standard","has-post-thumbnail","hentry","category-guncel"],"_links":{"self":[{"href":"https:\/\/www.egemtv.com\/index.php?rest_route=\/wp\/v2\/posts\/71609","targetHints":{"allow":["GET"]}}],"collection":[{"href":"https:\/\/www.egemtv.com\/index.php?rest_route=\/wp\/v2\/posts"}],"about":[{"href":"https:\/\/www.egemtv.com\/index.php?rest_route=\/wp\/v2\/types\/post"}],"author":[{"embeddable":true,"href":"https:\/\/www.egemtv.com\/index.php?rest_route=\/wp\/v2\/users\/1"}],"replies":[{"embeddable":true,"href":"https:\/\/www.egemtv.com\/index.php?rest_route=%2Fwp%2Fv2%2Fcomments&post=71609"}],"version-history":[{"count":1,"href":"https:\/\/www.egemtv.com\/index.php?rest_route=\/wp\/v2\/posts\/71609\/revisions"}],"predecessor-version":[{"id":71611,"href":"https:\/\/www.egemtv.com\/index.php?rest_route=\/wp\/v2\/posts\/71609\/revisions\/71611"}],"wp:featuredmedia":[{"embeddable":true,"href":"https:\/\/www.egemtv.com\/index.php?rest_route=\/wp\/v2\/media\/71610"}],"wp:attachment":[{"href":"https:\/\/www.egemtv.com\/index.php?rest_route=%2Fwp%2Fv2%2Fmedia&parent=71609"}],"wp:term":[{"taxonomy":"category","embeddable":true,"href":"https:\/\/www.egemtv.com\/index.php?rest_route=%2Fwp%2Fv2%2Fcategories&post=71609"},{"taxonomy":"post_tag","embeddable":true,"href":"https:\/\/www.egemtv.com\/index.php?rest_route=%2Fwp%2Fv2%2Ftags&post=71609"}],"curies":[{"name":"wp","href":"https:\/\/api.w.org\/{rel}","templated":true}]}}