{"id":71606,"date":"2025-12-03T09:14:46","date_gmt":"2025-12-03T06:14:46","guid":{"rendered":"https:\/\/www.egemtv.com\/?p=71606"},"modified":"2025-12-03T09:14:47","modified_gmt":"2025-12-03T06:14:47","slug":"milas-yoruk-turkmen-kultur-derneginde-yeni-donem-calismalari-basladi","status":"publish","type":"post","link":"https:\/\/www.egemtv.com\/?p=71606","title":{"rendered":"Milas Y\u00f6r\u00fck-T\u00fcrkmen K\u00fclt\u00fcr Derne\u011fi\u2019nde yeni d\u00f6nem \u00e7al\u0131\u015fmalar\u0131 ba\u015flad\u0131"},"content":{"rendered":"<p>Milas Y\u00f6r\u00fck-T\u00fcrkmen K\u00fclt\u00fcr Derne\u011fi, b\u00fcnyesinde yer alan Saz-Koro ve Halk Oyunlar\u0131 ekipleriyle yeni sezon \u00e7al\u0131\u015fmalar\u0131na ba\u015flad\u0131. Dernek Ba\u015fkan\u0131 Mevl\u00fct Kiri\u015f, hem k\u00fclt\u00fcrel miras\u0131n ya\u015fat\u0131lmas\u0131 hem de dernek \u00fcyelerinin sosyal faaliyetlere aktif kat\u0131l\u0131m\u0131n\u0131n art\u0131r\u0131lmas\u0131 amac\u0131yla \u00e7al\u0131\u015fmalar\u0131n y\u0131l boyunca s\u00fcrece\u011fini belirtti.<\/p>\n<p>Derne\u011fin Saz-Koro ekibi, 1 Aral\u0131k Pazartesi itibar\u0131yla yeni sezon \u00e7al\u0131\u015fmalar\u0131na ba\u015flad\u0131. Provalar her pazartesi saat 20.30\u2019da A\u015fk\u0131dil Akarca Toplant\u0131 Salonu\u2019nda ger\u00e7ekle\u015ftirilecek. Kiri\u015f, dernek \u00fcyelerinden kat\u0131lmak isteyenlerin ekibe dahil olabilece\u011fini belirterek, &#8220;Saz ve koro ekibimiz, k\u00fclt\u00fcrel de\u011ferlerimizi m\u00fczikle ya\u015fatmak ad\u0131na \u00f6nemli bir g\u00f6rev \u00fcstleniyor&#8221; dedi.<\/p>\n<p>Milas Y\u00f6r\u00fck-T\u00fcrkmen K\u00fclt\u00fcr Derne\u011fi\u2019nin Halk Oyunlar\u0131 ekibi ise 3 Aral\u0131k \u00c7ar\u015famba g\u00fcn\u00fc \u00e7al\u0131\u015fmalar\u0131na ba\u015flayacak. Provalar\u0131n her \u00e7ar\u015famba saat 20.00\u2019de Amfi Tiyatro alt\u0131nda yap\u0131laca\u011f\u0131 bildirildi. Halk oyunlar\u0131 ekibine kat\u0131lmak isteyen dernek \u00fcyelerinin davet edildi\u011fi ve haz\u0131rl\u0131klara ba\u015fland\u0131\u011f\u0131 ifade edildi.<\/p>\n<p>Dernek Ba\u015fkan\u0131 Mevl\u00fct Kiri\u015f, hem Saz-Koro hem de Halk Oyunlar\u0131 ekiplerinin y\u0131l boyunca d\u00fczenlenen bir\u00e7ok etkinlikte Milas Y\u00f6r\u00fck-T\u00fcrkmen K\u00fclt\u00fcr Derne\u011fi\u2019ni ba\u015far\u0131yla temsil etti\u011fine dikkat \u00e7ekerek \u015funlar\u0131 s\u00f6yledi:<br \/>\n<br \/>&#8220;Ekiplerimiz sadece k\u00fclt\u00fcrel faaliyetlere katk\u0131 sunmakla kalm\u0131yor; ayn\u0131 zamanda Milas\u2019ta birlik, beraberlik ve toplumsal dayan\u0131\u015fman\u0131n g\u00fc\u00e7lenmesine de vesile oluyor. Yeni sezonda da bir\u00e7ok etkinlikte hem derne\u011fimizi hem de Y\u00f6r\u00fck-T\u00fcrkmen k\u00fclt\u00fcr\u00fcn\u00fc gururla ya\u015fatmaya devam edece\u011fiz.&#8221;<br \/><\/p>\n","protected":false},"excerpt":{"rendered":"<p>Milas Y\u00f6r\u00fck-T\u00fcrkmen K\u00fclt\u00fcr Derne\u011fi, b\u00fcnyesinde yer alan Saz-Koro ve Halk Oyunlar\u0131 ekipleriyle yeni sezon \u00e7al\u0131\u015fmalar\u0131na ba\u015flad\u0131. Dernek Ba\u015fkan\u0131 Mevl\u00fct Kiri\u015f, hem k\u00fclt\u00fcrel miras\u0131n ya\u015fat\u0131lmas\u0131 hem de dernek \u00fcyelerinin sosyal faaliyetlere aktif kat\u0131l\u0131m\u0131n\u0131n art\u0131r\u0131lmas\u0131 amac\u0131yla \u00e7al\u0131\u015fmalar\u0131n y\u0131l boyunca s\u00fcrece\u011fini belirtti. Derne\u011fin Saz-Koro ekibi, 1 Aral\u0131k Pazartesi itibar\u0131yla yeni sezon \u00e7al\u0131\u015fmalar\u0131na ba\u015flad\u0131. Provalar her pazartesi saat 20.30\u2019da&#8230;<\/p>\n","protected":false},"author":1,"featured_media":71607,"comment_status":"open","ping_status":"open","sticky":false,"template":"","format":"standard","meta":{"_crdt_document":"","footnotes":""},"categories":[1],"tags":[],"class_list":["post-71606","post","type-post","status-publish","format-standard","has-post-thumbnail","hentry","category-guncel"],"_links":{"self":[{"href":"https:\/\/www.egemtv.com\/index.php?rest_route=\/wp\/v2\/posts\/71606","targetHints":{"allow":["GET"]}}],"collection":[{"href":"https:\/\/www.egemtv.com\/index.php?rest_route=\/wp\/v2\/posts"}],"about":[{"href":"https:\/\/www.egemtv.com\/index.php?rest_route=\/wp\/v2\/types\/post"}],"author":[{"embeddable":true,"href":"https:\/\/www.egemtv.com\/index.php?rest_route=\/wp\/v2\/users\/1"}],"replies":[{"embeddable":true,"href":"https:\/\/www.egemtv.com\/index.php?rest_route=%2Fwp%2Fv2%2Fcomments&post=71606"}],"version-history":[{"count":1,"href":"https:\/\/www.egemtv.com\/index.php?rest_route=\/wp\/v2\/posts\/71606\/revisions"}],"predecessor-version":[{"id":71608,"href":"https:\/\/www.egemtv.com\/index.php?rest_route=\/wp\/v2\/posts\/71606\/revisions\/71608"}],"wp:featuredmedia":[{"embeddable":true,"href":"https:\/\/www.egemtv.com\/index.php?rest_route=\/wp\/v2\/media\/71607"}],"wp:attachment":[{"href":"https:\/\/www.egemtv.com\/index.php?rest_route=%2Fwp%2Fv2%2Fmedia&parent=71606"}],"wp:term":[{"taxonomy":"category","embeddable":true,"href":"https:\/\/www.egemtv.com\/index.php?rest_route=%2Fwp%2Fv2%2Fcategories&post=71606"},{"taxonomy":"post_tag","embeddable":true,"href":"https:\/\/www.egemtv.com\/index.php?rest_route=%2Fwp%2Fv2%2Ftags&post=71606"}],"curies":[{"name":"wp","href":"https:\/\/api.w.org\/{rel}","templated":true}]}}