{"id":71603,"date":"2025-12-03T08:54:52","date_gmt":"2025-12-03T05:54:52","guid":{"rendered":"https:\/\/www.egemtv.com\/?p=71603"},"modified":"2025-12-03T08:54:52","modified_gmt":"2025-12-03T05:54:52","slug":"datcaya-yeni-hukumet-konagi-icin-insaat-basladi","status":"publish","type":"post","link":"https:\/\/www.egemtv.com\/?p=71603","title":{"rendered":"Dat\u00e7a\u2019ya yeni h\u00fck\u00fcmet kona\u011f\u0131 i\u00e7in in\u015faat ba\u015flad\u0131"},"content":{"rendered":"<p>Mu\u011fla\u2019n\u0131n Dat\u00e7a il\u00e7esinde uzun s\u00fcredir g\u00fcndemde olan Yeni H\u00fck\u00fcmet Kona\u011f\u0131 projesinde in\u015faat \u00e7al\u0131\u015fmalar\u0131 ba\u015flad\u0131. Hafriyat faaliyetlerinin ba\u015flamas\u0131yla birlikte \u015fantiye sahas\u0131nda hareketlilik artarken, proje il\u00e7ede kamu hizmetlerinin daha d\u00fczenli ve eri\u015filebilir hale gelmesi a\u00e7\u0131s\u0131ndan \u00f6nemli bir ad\u0131m olarak de\u011ferlendiriliyor.<\/p>\n<p>\u0130n\u015faat \u00e7al\u0131\u015fmalar\u0131n\u0131n ba\u015flamas\u0131n\u0131n ard\u0131ndan Dat\u00e7a Kaymakam\u0131 Murat At\u0131c\u0131, h\u00fck\u00fcmet kona\u011f\u0131 in\u015faat alan\u0131n\u0131 ziyaret ederek y\u00fcr\u00fct\u00fclen hafriyat \u00e7al\u0131\u015fmalar\u0131n\u0131 yerinde inceledi. Toplam 6 bin 706 metrekare kapal\u0131 alan \u00fczerine in\u015fa edilecek yeni kamu kompleksi, tamamland\u0131\u011f\u0131nda kaymakaml\u0131k, adliye ve emniyet birimlerini tek \u00e7at\u0131 alt\u0131nda toplayacak. B\u00f6ylece il\u00e7e genelinde da\u011f\u0131n\u0131k halde y\u00fcr\u00fct\u00fclen kamu hizmetleri modern, koordineli ve vatanda\u015f odakl\u0131 bir yap\u0131ya kavu\u015fmu\u015f olacak.<\/p>\n<p>Projenin, Mu\u011fla Valili\u011fi himayesinde ve Dat\u00e7a Kaymakaml\u0131\u011f\u0131 koordinasyonunda y\u00fcr\u00fct\u00fcld\u00fc\u011f\u00fc belirtilirken, ilk etapta 2026 y\u0131l\u0131nda yap\u0131lmas\u0131 planlanan ihalenin yap\u0131lan giri\u015fimler sonucunda bir y\u0131l \u00f6ne \u00e7ekildi\u011fi \u00f6\u011frenildi.<\/p>\n<p>Yeni h\u00fck\u00fcmet kona\u011f\u0131n\u0131n; engelli eri\u015fimine uygun, enerji verimli, s\u00fcrd\u00fcr\u00fclebilir ve \u00e7a\u011fda\u015f mimari anlay\u0131\u015fla tasarland\u0131\u011f\u0131 ifade edildi. Dat\u00e7a\u2019n\u0131n kent dokusuyla uyumlu yap\u0131s\u0131yla dikkat \u00e7ekmesi beklenen kompleksin, hem kamu kurumlar\u0131n\u0131n verimlili\u011fini art\u0131rmas\u0131 hem de vatanda\u015flar\u0131n g\u00fcnl\u00fck i\u015flemlerini kolayla\u015ft\u0131rmas\u0131 hedefleniyor.<br \/><\/p>\n","protected":false},"excerpt":{"rendered":"<p>Mu\u011fla\u2019n\u0131n Dat\u00e7a il\u00e7esinde uzun s\u00fcredir g\u00fcndemde olan Yeni H\u00fck\u00fcmet Kona\u011f\u0131 projesinde in\u015faat \u00e7al\u0131\u015fmalar\u0131 ba\u015flad\u0131. Hafriyat faaliyetlerinin ba\u015flamas\u0131yla birlikte \u015fantiye sahas\u0131nda hareketlilik artarken, proje il\u00e7ede kamu hizmetlerinin daha d\u00fczenli ve eri\u015filebilir hale gelmesi a\u00e7\u0131s\u0131ndan \u00f6nemli bir ad\u0131m olarak de\u011ferlendiriliyor. \u0130n\u015faat \u00e7al\u0131\u015fmalar\u0131n\u0131n ba\u015flamas\u0131n\u0131n ard\u0131ndan Dat\u00e7a Kaymakam\u0131 Murat At\u0131c\u0131, h\u00fck\u00fcmet kona\u011f\u0131 in\u015faat alan\u0131n\u0131 ziyaret ederek y\u00fcr\u00fct\u00fclen hafriyat \u00e7al\u0131\u015fmalar\u0131n\u0131&#8230;<\/p>\n","protected":false},"author":1,"featured_media":71604,"comment_status":"open","ping_status":"open","sticky":false,"template":"","format":"standard","meta":{"_crdt_document":"","footnotes":""},"categories":[1],"tags":[],"class_list":["post-71603","post","type-post","status-publish","format-standard","has-post-thumbnail","hentry","category-guncel"],"_links":{"self":[{"href":"https:\/\/www.egemtv.com\/index.php?rest_route=\/wp\/v2\/posts\/71603","targetHints":{"allow":["GET"]}}],"collection":[{"href":"https:\/\/www.egemtv.com\/index.php?rest_route=\/wp\/v2\/posts"}],"about":[{"href":"https:\/\/www.egemtv.com\/index.php?rest_route=\/wp\/v2\/types\/post"}],"author":[{"embeddable":true,"href":"https:\/\/www.egemtv.com\/index.php?rest_route=\/wp\/v2\/users\/1"}],"replies":[{"embeddable":true,"href":"https:\/\/www.egemtv.com\/index.php?rest_route=%2Fwp%2Fv2%2Fcomments&post=71603"}],"version-history":[{"count":1,"href":"https:\/\/www.egemtv.com\/index.php?rest_route=\/wp\/v2\/posts\/71603\/revisions"}],"predecessor-version":[{"id":71605,"href":"https:\/\/www.egemtv.com\/index.php?rest_route=\/wp\/v2\/posts\/71603\/revisions\/71605"}],"wp:featuredmedia":[{"embeddable":true,"href":"https:\/\/www.egemtv.com\/index.php?rest_route=\/wp\/v2\/media\/71604"}],"wp:attachment":[{"href":"https:\/\/www.egemtv.com\/index.php?rest_route=%2Fwp%2Fv2%2Fmedia&parent=71603"}],"wp:term":[{"taxonomy":"category","embeddable":true,"href":"https:\/\/www.egemtv.com\/index.php?rest_route=%2Fwp%2Fv2%2Fcategories&post=71603"},{"taxonomy":"post_tag","embeddable":true,"href":"https:\/\/www.egemtv.com\/index.php?rest_route=%2Fwp%2Fv2%2Ftags&post=71603"}],"curies":[{"name":"wp","href":"https:\/\/api.w.org\/{rel}","templated":true}]}}