{"id":71594,"date":"2025-12-03T04:14:42","date_gmt":"2025-12-03T01:14:42","guid":{"rendered":"https:\/\/www.egemtv.com\/?p=71594"},"modified":"2025-12-03T04:14:43","modified_gmt":"2025-12-03T01:14:43","slug":"muslihittin-mahallesine-bagli-olan-akcaova-toki-konutlari-akcaovaya-baglaniyor","status":"publish","type":"post","link":"https:\/\/www.egemtv.com\/?p=71594","title":{"rendered":"Muslihittin Mahallesine ba\u011fl\u0131 olan Ak\u00e7aova TOK\u0130 konutlar\u0131 Ak\u00e7aova\u2019ya ba\u011flan\u0131yor"},"content":{"rendered":"<p>Mente\u015fe Ak\u00e7aova Mahallesi\u2019nin s\u0131n\u0131rlar\u0131n\u0131n tekrar belirlenmesi amac\u0131yla Kas\u0131m ay\u0131nda Mente\u015fe Belediyesi \u0130mar komisyonuna havale edilen 1\/25000 \u00d6l\u00e7ekli Topo\u011frafik Harita, Koordinat \u00d6zet \u00c7izelgesi ve Alan Hesab\u0131 komisyon taraf\u0131ndan oybirli\u011fi ile uygun g\u00f6r\u00fclmesinin ard\u0131ndan Mecliste yap\u0131lan oylamada da oy birli\u011fi ile Ak\u00e7aova Mahallesinin s\u0131n\u0131rlar\u0131 yeniden belirlendi. Karar, \u0130\u00e7i\u015fleri Bakanl\u0131\u011f\u0131na onay i\u00e7in g\u00f6nderilecek.<br \/>\n<br \/>A\u00e7aova Mahallesinin hemen kar\u015f\u0131s\u0131nda yer alan ve imara a\u00e7\u0131lan alan ile 500 konutun bulundu\u011fu Toplu Konut \u0130daresi (TOK\u0130) evlerinin bulundu\u011fu b\u00f6lge ve B\u00f6lge Trafik \u015eube M\u00fcd\u00fcrl\u00fc\u011f\u00fc\u2019n\u00fcn bulundu\u011fu alandan Ak\u00e7aova Mahallesi \u00e7\u0131k\u0131\u015f\u0131na kadar olan b\u00f6l\u00fcm Ak\u00e7aova Mahallesi s\u0131n\u0131rlar\u0131na dahil edilecek.<br \/>\n<br \/>Daha \u00f6nce Muslihittin Mahallesi s\u0131n\u0131rlar\u0131nda yer alan Ak\u00e7aova Mahallesi kar\u015f\u0131s\u0131ndaki yeni yap\u0131la\u015fma alan\u0131, TOK\u0130 konutlar\u0131 ve Karamehmet Mahallesi s\u0131n\u0131rlar\u0131nda yer alan Mente\u015fe Yap\u0131 Kooperatifinin alt b\u00f6l\u00fcm\u00fcnden trafik \u0131\u015f\u0131klar\u0131na kadar olan b\u00f6l\u00fcm yeni s\u0131n\u0131r\u0131n belirlenmesi sonras\u0131 Ak\u00e7aova Mahallesi s\u0131n\u0131rlar\u0131na dahil edilecek.<br \/>\n<br \/>Mente\u015fe Belediyesi\u2019nin Kas\u0131m ay\u0131 Belediye Meclis toplant\u0131s\u0131nda \u0130mar Komisyonuna havale edilen Ak\u00e7aova Mahallesinin s\u0131n\u0131rlar\u0131n\u0131n belirlenmesi ile ilgili madde Aral\u0131k ay\u0131 Meclis toplant\u0131s\u0131nda komisyon taraf\u0131ndan meclis \u00fcyelerinin onay\u0131na sunuldu. Komisyon raporunda, &#8220;Ak\u00e7aova Mahallesi S\u0131n\u0131r\u0131, Muslihittin ve Karamehmet Mahalleleri onayl\u0131 say\u0131sal s\u0131n\u0131rlar\u0131, \u0130l \u0130dare Kurulundan al\u0131nan K\u00f6y Hudutnameleri ile Ulusal Adres Veri Taban\u0131nda yer alan adres kay\u0131tlar\u0131, tapulama alan ve s\u0131n\u0131rlar\u0131n\u0131 g\u00f6sterir (KVK) Kadastral haritalar, 3402 Say\u0131l\u0131 Kanunun 22-a Maddesi ile olu\u015fan Kadastral Haritalar ve Orman Kadastro Komisyonu taraf\u0131ndan yap\u0131lan \u00e7al\u0131\u015fmalar\u0131 g\u00f6sterir mahalle haritalar\u0131 fiziksel, yasal ve yapay e\u015fikler dikkate al\u0131narak haz\u0131rlan\u0131ld\u0131\u011f\u0131 g\u00f6r\u00fclm\u00fc\u015ft\u00fcr. Sonu\u00e7 olarak komisyonumuzca yap\u0131lan de\u011ferlendirmede; Say\u0131sal olarak d\u00fczenlenen 1\/25000 \u00f6l\u00e7ekli Topo\u011frafik Haritada g\u00f6sterilen s\u0131n\u0131r\u0131n, koordinat \u00f6zet \u00e7izelgesinin ve nokta numaral\u0131 alan hesab\u0131n\u0131n Ak\u00e7aova Mahallesi idari s\u0131n\u0131r\u0131 olarak belirlenmesi Komisyonumuzca oybirli\u011fiyle uygun g\u00f6r\u00fclm\u00fc\u015f olup, Meclisimize gerekli karar\u0131n al\u0131nmas\u0131n\u0131 arz ederiz&#8221; denildi.<br \/>\n<br \/>Mente\u015fe Belediye Meclisine sunulan komisyon raporu yap\u0131lan oylamada oy birli\u011fi ile kabul edildi. Mente\u015fe Belediye Meclisinde oy birli\u011fi ile kabul edilen karar Mente\u015fe Kaymakaml\u0131\u011f\u0131na sunulacak. Kaymakaml\u0131k taraf\u0131ndan Ak\u00e7aova Mahalle s\u0131n\u0131r\u0131n\u0131n yeniden belirlenmesine ili\u015fkini karar \u0130\u00e7i\u015fleri Bakanl\u0131\u011f\u0131n\u0131n onay\u0131na sunulacak.<br \/><\/p>\n","protected":false},"excerpt":{"rendered":"<p>Mente\u015fe Ak\u00e7aova Mahallesi\u2019nin s\u0131n\u0131rlar\u0131n\u0131n tekrar belirlenmesi amac\u0131yla Kas\u0131m ay\u0131nda Mente\u015fe Belediyesi \u0130mar komisyonuna havale edilen 1\/25000 \u00d6l\u00e7ekli Topo\u011frafik Harita, Koordinat \u00d6zet \u00c7izelgesi ve Alan Hesab\u0131 komisyon taraf\u0131ndan oybirli\u011fi ile uygun g\u00f6r\u00fclmesinin ard\u0131ndan Mecliste yap\u0131lan oylamada da oy birli\u011fi ile Ak\u00e7aova Mahallesinin s\u0131n\u0131rlar\u0131 yeniden belirlendi. Karar, \u0130\u00e7i\u015fleri Bakanl\u0131\u011f\u0131na onay i\u00e7in g\u00f6nderilecek. A\u00e7aova Mahallesinin hemen kar\u015f\u0131s\u0131nda yer&#8230;<\/p>\n","protected":false},"author":1,"featured_media":71595,"comment_status":"open","ping_status":"open","sticky":false,"template":"","format":"standard","meta":{"_crdt_document":"","footnotes":""},"categories":[1],"tags":[],"class_list":["post-71594","post","type-post","status-publish","format-standard","has-post-thumbnail","hentry","category-guncel"],"_links":{"self":[{"href":"https:\/\/www.egemtv.com\/index.php?rest_route=\/wp\/v2\/posts\/71594","targetHints":{"allow":["GET"]}}],"collection":[{"href":"https:\/\/www.egemtv.com\/index.php?rest_route=\/wp\/v2\/posts"}],"about":[{"href":"https:\/\/www.egemtv.com\/index.php?rest_route=\/wp\/v2\/types\/post"}],"author":[{"embeddable":true,"href":"https:\/\/www.egemtv.com\/index.php?rest_route=\/wp\/v2\/users\/1"}],"replies":[{"embeddable":true,"href":"https:\/\/www.egemtv.com\/index.php?rest_route=%2Fwp%2Fv2%2Fcomments&post=71594"}],"version-history":[{"count":1,"href":"https:\/\/www.egemtv.com\/index.php?rest_route=\/wp\/v2\/posts\/71594\/revisions"}],"predecessor-version":[{"id":71596,"href":"https:\/\/www.egemtv.com\/index.php?rest_route=\/wp\/v2\/posts\/71594\/revisions\/71596"}],"wp:featuredmedia":[{"embeddable":true,"href":"https:\/\/www.egemtv.com\/index.php?rest_route=\/wp\/v2\/media\/71595"}],"wp:attachment":[{"href":"https:\/\/www.egemtv.com\/index.php?rest_route=%2Fwp%2Fv2%2Fmedia&parent=71594"}],"wp:term":[{"taxonomy":"category","embeddable":true,"href":"https:\/\/www.egemtv.com\/index.php?rest_route=%2Fwp%2Fv2%2Fcategories&post=71594"},{"taxonomy":"post_tag","embeddable":true,"href":"https:\/\/www.egemtv.com\/index.php?rest_route=%2Fwp%2Fv2%2Ftags&post=71594"}],"curies":[{"name":"wp","href":"https:\/\/api.w.org\/{rel}","templated":true}]}}