{"id":71591,"date":"2025-12-03T04:14:41","date_gmt":"2025-12-03T01:14:41","guid":{"rendered":"https:\/\/www.egemtv.com\/?p=71591"},"modified":"2025-12-03T04:14:42","modified_gmt":"2025-12-03T01:14:42","slug":"mentese-belediyesinden-yesilyurtun-efsane-baskanina-vefa","status":"publish","type":"post","link":"https:\/\/www.egemtv.com\/?p=71591","title":{"rendered":"Mente\u015fe Belediyesinden Ye\u015filyurt\u2019un efsane ba\u015fkan\u0131na vefa"},"content":{"rendered":"<p>Mu\u011fla B\u00fcy\u00fck\u015fehir stat\u00fcs\u00fc kazanmadan \u00f6nce 1984-1999 y\u0131llar\u0131 aras\u0131nda Ye\u015filyurt (Pisi) Belediye Ba\u015fkanl\u0131\u011f\u0131 yapan Mehmet G\u00fcner\u2019in ismi Mahalle meydan\u0131ndaki eski Belediye Hizmet binas\u0131n \u00f6n\u00fcndeki parka verildi.<br \/>\n<br \/>Ba\u015fkan Yard\u0131mc\u0131s\u0131 Mehmet Tah\u00e7a\u2019n\u0131n ba\u015fkanl\u0131k etti\u011fi  Mente\u015fe Belediyesi\u2019nin Aral\u0131k ay\u0131 Belediye Meclis toplant\u0131s\u0131nda Mehmet G\u00fcner ile ilgili haz\u0131rlanan inceleme komisyonu raporu okundu. Mehmet G\u00fcner\u2019in Ye\u015filyurt Belediye Ba\u015fkanl\u0131\u011f\u0131 d\u00f6neminde ger\u00e7ekle\u015ftirdi\u011fi hizmetler ve vatanda\u015flar ile olan samimiyeti nedeniyle y\u00f6re halk\u0131 taraf\u0131ndan \u00e7ok sevildi\u011fi dile getirildi.<br \/>\n<br \/>\u0130nceleme Komisyonu taraf\u0131ndan oy birli\u011fi ile al\u0131nan karar Meclise sunuldu. Mente\u015fe Belediye Ba\u015fkan Yard\u0131mc\u0131s\u0131 Mehmet Tah\u00e7a\u2019n\u0131n ba\u015fkanl\u0131k etti\u011fi Mente\u015fe Belediye Meclisi toplant\u0131s\u0131nda \u0130nceleme komisyonunun raporu oyland\u0131. Yap\u0131lan oylamada Belediye Meclis \u00fcyelerinin oy birli\u011fi ile Ye\u015filyurt (Pisi) eski Belediye Ba\u015fkan\u0131 Mehmet G\u00fcner\u2019in ismi eski Belediye Hizmet binas\u0131 \u00f6n\u00fcndeki parka verilmesi oy birli\u011fi ile kabul edildi.<br \/><\/p>\n","protected":false},"excerpt":{"rendered":"<p>Mu\u011fla B\u00fcy\u00fck\u015fehir stat\u00fcs\u00fc kazanmadan \u00f6nce 1984-1999 y\u0131llar\u0131 aras\u0131nda Ye\u015filyurt (Pisi) Belediye Ba\u015fkanl\u0131\u011f\u0131 yapan Mehmet G\u00fcner\u2019in ismi Mahalle meydan\u0131ndaki eski Belediye Hizmet binas\u0131n \u00f6n\u00fcndeki parka verildi. Ba\u015fkan Yard\u0131mc\u0131s\u0131 Mehmet Tah\u00e7a\u2019n\u0131n ba\u015fkanl\u0131k etti\u011fi Mente\u015fe Belediyesi\u2019nin Aral\u0131k ay\u0131 Belediye Meclis toplant\u0131s\u0131nda Mehmet G\u00fcner ile ilgili haz\u0131rlanan inceleme komisyonu raporu okundu. Mehmet G\u00fcner\u2019in Ye\u015filyurt Belediye Ba\u015fkanl\u0131\u011f\u0131 d\u00f6neminde ger\u00e7ekle\u015ftirdi\u011fi hizmetler&#8230;<\/p>\n","protected":false},"author":1,"featured_media":71592,"comment_status":"open","ping_status":"open","sticky":false,"template":"","format":"standard","meta":{"_crdt_document":"","footnotes":""},"categories":[123],"tags":[],"class_list":["post-71591","post","type-post","status-publish","format-standard","has-post-thumbnail","hentry","category-gundem"],"_links":{"self":[{"href":"https:\/\/www.egemtv.com\/index.php?rest_route=\/wp\/v2\/posts\/71591","targetHints":{"allow":["GET"]}}],"collection":[{"href":"https:\/\/www.egemtv.com\/index.php?rest_route=\/wp\/v2\/posts"}],"about":[{"href":"https:\/\/www.egemtv.com\/index.php?rest_route=\/wp\/v2\/types\/post"}],"author":[{"embeddable":true,"href":"https:\/\/www.egemtv.com\/index.php?rest_route=\/wp\/v2\/users\/1"}],"replies":[{"embeddable":true,"href":"https:\/\/www.egemtv.com\/index.php?rest_route=%2Fwp%2Fv2%2Fcomments&post=71591"}],"version-history":[{"count":1,"href":"https:\/\/www.egemtv.com\/index.php?rest_route=\/wp\/v2\/posts\/71591\/revisions"}],"predecessor-version":[{"id":71593,"href":"https:\/\/www.egemtv.com\/index.php?rest_route=\/wp\/v2\/posts\/71591\/revisions\/71593"}],"wp:featuredmedia":[{"embeddable":true,"href":"https:\/\/www.egemtv.com\/index.php?rest_route=\/wp\/v2\/media\/71592"}],"wp:attachment":[{"href":"https:\/\/www.egemtv.com\/index.php?rest_route=%2Fwp%2Fv2%2Fmedia&parent=71591"}],"wp:term":[{"taxonomy":"category","embeddable":true,"href":"https:\/\/www.egemtv.com\/index.php?rest_route=%2Fwp%2Fv2%2Fcategories&post=71591"},{"taxonomy":"post_tag","embeddable":true,"href":"https:\/\/www.egemtv.com\/index.php?rest_route=%2Fwp%2Fv2%2Ftags&post=71591"}],"curies":[{"name":"wp","href":"https:\/\/api.w.org\/{rel}","templated":true}]}}