{"id":71588,"date":"2025-12-02T22:35:54","date_gmt":"2025-12-02T19:35:54","guid":{"rendered":"https:\/\/www.egemtv.com\/?p=71588"},"modified":"2025-12-02T22:35:55","modified_gmt":"2025-12-02T19:35:55","slug":"muhtar-tavalioglu-mahallemize-yeni-mezarlik-alani-kazandirilmasini-istiyoruz","status":"publish","type":"post","link":"https:\/\/www.egemtv.com\/?p=71588","title":{"rendered":"Muhtar Taval\u0131o\u011flu: &#8220;Mahallemize yeni mezarl\u0131k alan\u0131 kazand\u0131r\u0131lmas\u0131n\u0131 istiyoruz&#8221;"},"content":{"rendered":"<p>K\u00fctahya\u2019n\u0131n \u0130stiklal Mahallesi Muhtar\u0131 Mustafa Taval\u0131o\u011flu, mahalleye yeni mezarl\u0131k alan\u0131 yap\u0131lmas\u0131 ve tarihi yap\u0131lar\u0131n restore edilmesi konusunda a\u00e7\u0131klamalarda bulundu.<br \/>\n<br \/>\u0130stiklal Mahallesi Muhtar\u0131 Taval\u0131o\u011flu, mevcut mezarl\u0131k olarak kullan\u0131lan Ahi Evran Mezarl\u0131\u011f\u0131\u2019nda yer kalmad\u0131\u011f\u0131n\u0131 belirterek, &#8220;Ahi Evran Mezarl\u0131\u011f\u0131 olarak bilinen mezarl\u0131kta yer kalmad\u0131\u011f\u0131 i\u00e7in mahalle sakinlerimizle g\u00f6r\u00fc\u015ft\u00fck ve konuyu Belediye Ba\u015fkan\u0131m\u0131za ilettik. Yeni mezarl\u0131k alan\u0131n\u0131n bir an \u00f6nce yap\u0131lmas\u0131n\u0131 istiyoruz&#8221; dedi.<br \/>\n<br \/>Mahalle sakinlerinin manevi hassasiyetine de dikkat \u00e7eken Taval\u0131o\u011flu, Ahi Evran Hazretleri\u2019nin kabristan\u0131n\u0131n b\u00f6lgede bulunmas\u0131n\u0131n mahalle i\u00e7in \u00f6zel bir anlam ta\u015f\u0131d\u0131\u011f\u0131n\u0131 ifade etti. Taval\u0131o\u011flu, &#8220;D\u0131\u015far\u0131da ya\u015fayan hem\u015fehrilerimiz bile buraya defnedilmek istediklerini s\u00f6yl\u00fcyor. Bu nedenle yeni mezarl\u0131k alan\u0131 talebimize destek bekliyoruz&#8221; diye konu\u015ftu.<br \/>\n<br \/>B\u00f6lgede bulunan eski caminin uzun s\u00fcredir kapal\u0131 durumda oldu\u011funu s\u00f6yleyen Taval\u0131o\u011flu, &#8220;Buran\u0131n ya Ahi Evran Hazretleri\u2019nin m\u00fczesi olarak d\u00fczenlenmesini ya da yeniden mescit olarak mahalleye kazand\u0131r\u0131lmas\u0131n\u0131 istiyoruz&#8221; dedi.<br \/><\/p>\n","protected":false},"excerpt":{"rendered":"<p>K\u00fctahya\u2019n\u0131n \u0130stiklal Mahallesi Muhtar\u0131 Mustafa Taval\u0131o\u011flu, mahalleye yeni mezarl\u0131k alan\u0131 yap\u0131lmas\u0131 ve tarihi yap\u0131lar\u0131n restore edilmesi konusunda a\u00e7\u0131klamalarda bulundu. \u0130stiklal Mahallesi Muhtar\u0131 Taval\u0131o\u011flu, mevcut mezarl\u0131k olarak kullan\u0131lan Ahi Evran Mezarl\u0131\u011f\u0131\u2019nda yer kalmad\u0131\u011f\u0131n\u0131 belirterek, &#8220;Ahi Evran Mezarl\u0131\u011f\u0131 olarak bilinen mezarl\u0131kta yer kalmad\u0131\u011f\u0131 i\u00e7in mahalle sakinlerimizle g\u00f6r\u00fc\u015ft\u00fck ve konuyu Belediye Ba\u015fkan\u0131m\u0131za ilettik. Yeni mezarl\u0131k alan\u0131n\u0131n bir an&#8230;<\/p>\n","protected":false},"author":1,"featured_media":71589,"comment_status":"open","ping_status":"open","sticky":false,"template":"","format":"standard","meta":{"_crdt_document":"","footnotes":""},"categories":[123],"tags":[],"class_list":["post-71588","post","type-post","status-publish","format-standard","has-post-thumbnail","hentry","category-gundem"],"_links":{"self":[{"href":"https:\/\/www.egemtv.com\/index.php?rest_route=\/wp\/v2\/posts\/71588","targetHints":{"allow":["GET"]}}],"collection":[{"href":"https:\/\/www.egemtv.com\/index.php?rest_route=\/wp\/v2\/posts"}],"about":[{"href":"https:\/\/www.egemtv.com\/index.php?rest_route=\/wp\/v2\/types\/post"}],"author":[{"embeddable":true,"href":"https:\/\/www.egemtv.com\/index.php?rest_route=\/wp\/v2\/users\/1"}],"replies":[{"embeddable":true,"href":"https:\/\/www.egemtv.com\/index.php?rest_route=%2Fwp%2Fv2%2Fcomments&post=71588"}],"version-history":[{"count":1,"href":"https:\/\/www.egemtv.com\/index.php?rest_route=\/wp\/v2\/posts\/71588\/revisions"}],"predecessor-version":[{"id":71590,"href":"https:\/\/www.egemtv.com\/index.php?rest_route=\/wp\/v2\/posts\/71588\/revisions\/71590"}],"wp:featuredmedia":[{"embeddable":true,"href":"https:\/\/www.egemtv.com\/index.php?rest_route=\/wp\/v2\/media\/71589"}],"wp:attachment":[{"href":"https:\/\/www.egemtv.com\/index.php?rest_route=%2Fwp%2Fv2%2Fmedia&parent=71588"}],"wp:term":[{"taxonomy":"category","embeddable":true,"href":"https:\/\/www.egemtv.com\/index.php?rest_route=%2Fwp%2Fv2%2Fcategories&post=71588"},{"taxonomy":"post_tag","embeddable":true,"href":"https:\/\/www.egemtv.com\/index.php?rest_route=%2Fwp%2Fv2%2Ftags&post=71588"}],"curies":[{"name":"wp","href":"https:\/\/api.w.org\/{rel}","templated":true}]}}