{"id":71585,"date":"2025-12-02T20:14:44","date_gmt":"2025-12-02T17:14:44","guid":{"rendered":"https:\/\/www.egemtv.com\/?p=71585"},"modified":"2025-12-02T20:14:44","modified_gmt":"2025-12-02T17:14:44","slug":"burdurda-mermer-fabrikasinda-yangin","status":"publish","type":"post","link":"https:\/\/www.egemtv.com\/?p=71585","title":{"rendered":"Burdur\u2019da mermer fabrikas\u0131nda yang\u0131n"},"content":{"rendered":"<p>Burdur\u2019un Bucak il\u00e7esinde bir mermer fabrikas\u0131nda \u00e7\u0131kan yang\u0131n itfaiye ekipleri taraf\u0131ndan s\u00f6nd\u00fcr\u00fcld\u00fc.<br \/>\n<br \/>Yang\u0131n, saat 17.30 s\u0131ralar\u0131nda Bucak Organize Sanayi Sitesinde bulunan bir mermer fabrikas\u0131nda meydana geldi. Edinilen bilgiye g\u00f6re, mermer fabrikas\u0131n\u0131n \u00e7at\u0131s\u0131nda hen\u00fcz bilinmeyen bir nedenden yang\u0131n \u00e7\u0131kt\u0131. Alevleri g\u00f6ren vatanda\u015flar\u0131n ihbar\u0131 \u00fczerine adrese \u00e7ok say\u0131da itfaiye ve polis ekibi sevk edildi. \u0130tfaiye ekipleri taraf\u0131ndan yang\u0131n kontrol alt\u0131na al\u0131narak s\u00f6nd\u00fcr\u00fcld\u00fc. Fabrikada maddi hasar meydana gelirken yang\u0131n\u0131n \u00e7\u0131k\u0131\u015f nedeni ara\u015ft\u0131r\u0131l\u0131yor.<br \/><\/p>\n","protected":false},"excerpt":{"rendered":"<p>Burdur\u2019un Bucak il\u00e7esinde bir mermer fabrikas\u0131nda \u00e7\u0131kan yang\u0131n itfaiye ekipleri taraf\u0131ndan s\u00f6nd\u00fcr\u00fcld\u00fc. Yang\u0131n, saat 17.30 s\u0131ralar\u0131nda Bucak Organize Sanayi Sitesinde bulunan bir mermer fabrikas\u0131nda meydana geldi. Edinilen bilgiye g\u00f6re, mermer fabrikas\u0131n\u0131n \u00e7at\u0131s\u0131nda hen\u00fcz bilinmeyen bir nedenden yang\u0131n \u00e7\u0131kt\u0131. Alevleri g\u00f6ren vatanda\u015flar\u0131n ihbar\u0131 \u00fczerine adrese \u00e7ok say\u0131da itfaiye ve polis ekibi sevk edildi. \u0130tfaiye ekipleri taraf\u0131ndan&#8230;<\/p>\n","protected":false},"author":1,"featured_media":71586,"comment_status":"open","ping_status":"open","sticky":false,"template":"","format":"standard","meta":{"_crdt_document":"","footnotes":""},"categories":[5],"tags":[],"class_list":["post-71585","post","type-post","status-publish","format-standard","has-post-thumbnail","hentry","category-asayis"],"_links":{"self":[{"href":"https:\/\/www.egemtv.com\/index.php?rest_route=\/wp\/v2\/posts\/71585","targetHints":{"allow":["GET"]}}],"collection":[{"href":"https:\/\/www.egemtv.com\/index.php?rest_route=\/wp\/v2\/posts"}],"about":[{"href":"https:\/\/www.egemtv.com\/index.php?rest_route=\/wp\/v2\/types\/post"}],"author":[{"embeddable":true,"href":"https:\/\/www.egemtv.com\/index.php?rest_route=\/wp\/v2\/users\/1"}],"replies":[{"embeddable":true,"href":"https:\/\/www.egemtv.com\/index.php?rest_route=%2Fwp%2Fv2%2Fcomments&post=71585"}],"version-history":[{"count":1,"href":"https:\/\/www.egemtv.com\/index.php?rest_route=\/wp\/v2\/posts\/71585\/revisions"}],"predecessor-version":[{"id":71587,"href":"https:\/\/www.egemtv.com\/index.php?rest_route=\/wp\/v2\/posts\/71585\/revisions\/71587"}],"wp:featuredmedia":[{"embeddable":true,"href":"https:\/\/www.egemtv.com\/index.php?rest_route=\/wp\/v2\/media\/71586"}],"wp:attachment":[{"href":"https:\/\/www.egemtv.com\/index.php?rest_route=%2Fwp%2Fv2%2Fmedia&parent=71585"}],"wp:term":[{"taxonomy":"category","embeddable":true,"href":"https:\/\/www.egemtv.com\/index.php?rest_route=%2Fwp%2Fv2%2Fcategories&post=71585"},{"taxonomy":"post_tag","embeddable":true,"href":"https:\/\/www.egemtv.com\/index.php?rest_route=%2Fwp%2Fv2%2Ftags&post=71585"}],"curies":[{"name":"wp","href":"https:\/\/api.w.org\/{rel}","templated":true}]}}