{"id":71582,"date":"2025-12-02T18:35:03","date_gmt":"2025-12-02T15:35:03","guid":{"rendered":"https:\/\/www.egemtv.com\/?p=71582"},"modified":"2025-12-02T18:35:03","modified_gmt":"2025-12-02T15:35:03","slug":"dpu-bilgi-evi-toplulugundan-ankarada-tarih-kultur-ve-bilim-dolu-gezi","status":"publish","type":"post","link":"https:\/\/www.egemtv.com\/?p=71582","title":{"rendered":"DP\u00dc Bilgi Evi Toplulu\u011fu\u2019ndan Ankara\u2019da tarih, k\u00fclt\u00fcr ve bilim dolu gezi"},"content":{"rendered":"<p>K\u00fctahya Dumlup\u0131nar \u00dcniversitesi Bilgi Evi Toplulu\u011fu, akademik vizyonlar\u0131n\u0131 milli \u015fuurla birle\u015ftirme hedefiyle Ankara\u2019ya teknik ve k\u00fclt\u00fcrel bir gezi d\u00fczenledi.<br \/>\n<br \/>Cumhuriyet tarihinin \u00f6nemli duraklar\u0131ndan modern bilgi merkezlerine uzanan kapsaml\u0131 program, \u00fcniversiteli gen\u00e7lere hem \u00f6\u011fretici hem de duygu y\u00fckl\u00fc anlar ya\u015fatt\u0131. Gezi program\u0131n\u0131n ilk dura\u011f\u0131, T\u00fcrk milletinin iradesinin simgesi olan Ulus\u2019taki I. ve II. T\u00fcrkiye B\u00fcy\u00fck Millet Meclisi binalar\u0131 (Cumhuriyet M\u00fczesi) oldu. Devletin kurulu\u015f d\u00f6nemine dair tarihi atmosferi yerinde inceleyen \u00f6\u011frenciler, ard\u0131ndan Gazi Mustafa Kemal Atat\u00fcrk\u2019\u00fcn ebedi istirahatgah\u0131 An\u0131tkabir\u2019i ziyaret ederek sayg\u0131lar\u0131n\u0131 sundu.<br \/>\n<br \/>Program\u0131n akademik b\u00f6l\u00fcm\u00fcnde ise T\u00fcrkiye\u2019nin en b\u00fcy\u00fck bilgi merkezlerinden biri olan Cumhurba\u015fkanl\u0131\u011f\u0131 Millet K\u00fct\u00fcphanesi gezildi. K\u00fct\u00fcphanenin geni\u015f koleksiyonlar\u0131n\u0131 ve \u00e7al\u0131\u015fma alanlar\u0131n\u0131 inceleyen \u00f6\u011frenciler, bilim ve ara\u015ft\u0131rman\u0131n \u00f6nemine dikkat \u00e7ekti.<br \/>\n<br \/>G\u00fcn\u00fcn son dura\u011f\u0131 ise manevi bir ziyaret oldu. Gen\u00e7ler, yak\u0131n siyasi tarihin \u00f6nemli isimlerinden merhum Muhsin Yaz\u0131c\u0131o\u011flu\u2019nun Taceddin Derg\u00e2h\u0131\u2019ndaki kabrine giderek dualar etti. Sabah\u0131n ilk \u0131\u015f\u0131klar\u0131yla ba\u015flayan anlaml\u0131 yolculuk, &#8220;tarihe sayg\u0131 ve gelece\u011fe umut&#8221; vurgusuyla tamamland\u0131.<br \/><\/p>\n","protected":false},"excerpt":{"rendered":"<p>K\u00fctahya Dumlup\u0131nar \u00dcniversitesi Bilgi Evi Toplulu\u011fu, akademik vizyonlar\u0131n\u0131 milli \u015fuurla birle\u015ftirme hedefiyle Ankara\u2019ya teknik ve k\u00fclt\u00fcrel bir gezi d\u00fczenledi. Cumhuriyet tarihinin \u00f6nemli duraklar\u0131ndan modern bilgi merkezlerine uzanan kapsaml\u0131 program, \u00fcniversiteli gen\u00e7lere hem \u00f6\u011fretici hem de duygu y\u00fckl\u00fc anlar ya\u015fatt\u0131. Gezi program\u0131n\u0131n ilk dura\u011f\u0131, T\u00fcrk milletinin iradesinin simgesi olan Ulus\u2019taki I. ve II. T\u00fcrkiye B\u00fcy\u00fck Millet&#8230;<\/p>\n","protected":false},"author":1,"featured_media":71583,"comment_status":"open","ping_status":"open","sticky":false,"template":"","format":"standard","meta":{"_crdt_document":"","footnotes":""},"categories":[1],"tags":[],"class_list":["post-71582","post","type-post","status-publish","format-standard","has-post-thumbnail","hentry","category-guncel"],"_links":{"self":[{"href":"https:\/\/www.egemtv.com\/index.php?rest_route=\/wp\/v2\/posts\/71582","targetHints":{"allow":["GET"]}}],"collection":[{"href":"https:\/\/www.egemtv.com\/index.php?rest_route=\/wp\/v2\/posts"}],"about":[{"href":"https:\/\/www.egemtv.com\/index.php?rest_route=\/wp\/v2\/types\/post"}],"author":[{"embeddable":true,"href":"https:\/\/www.egemtv.com\/index.php?rest_route=\/wp\/v2\/users\/1"}],"replies":[{"embeddable":true,"href":"https:\/\/www.egemtv.com\/index.php?rest_route=%2Fwp%2Fv2%2Fcomments&post=71582"}],"version-history":[{"count":1,"href":"https:\/\/www.egemtv.com\/index.php?rest_route=\/wp\/v2\/posts\/71582\/revisions"}],"predecessor-version":[{"id":71584,"href":"https:\/\/www.egemtv.com\/index.php?rest_route=\/wp\/v2\/posts\/71582\/revisions\/71584"}],"wp:featuredmedia":[{"embeddable":true,"href":"https:\/\/www.egemtv.com\/index.php?rest_route=\/wp\/v2\/media\/71583"}],"wp:attachment":[{"href":"https:\/\/www.egemtv.com\/index.php?rest_route=%2Fwp%2Fv2%2Fmedia&parent=71582"}],"wp:term":[{"taxonomy":"category","embeddable":true,"href":"https:\/\/www.egemtv.com\/index.php?rest_route=%2Fwp%2Fv2%2Fcategories&post=71582"},{"taxonomy":"post_tag","embeddable":true,"href":"https:\/\/www.egemtv.com\/index.php?rest_route=%2Fwp%2Fv2%2Ftags&post=71582"}],"curies":[{"name":"wp","href":"https:\/\/api.w.org\/{rel}","templated":true}]}}