{"id":71579,"date":"2025-12-02T18:35:02","date_gmt":"2025-12-02T15:35:02","guid":{"rendered":"https:\/\/www.egemtv.com\/?p=71579"},"modified":"2025-12-02T18:35:02","modified_gmt":"2025-12-02T15:35:02","slug":"kutahya-abdulhamid-han-anadolu-lisesinden-gazze-icin-hayir-carsisi","status":"publish","type":"post","link":"https:\/\/www.egemtv.com\/?p=71579","title":{"rendered":"K\u00fctahya Abd\u00fclhamid Han Anadolu Lisesi\u2019nden Gazze i\u00e7in Hay\u0131r \u00c7ar\u015f\u0131s\u0131"},"content":{"rendered":"<p>K\u00fctahya Abd\u00fclhamid Han Anadolu Lisesi, Gazze\u2019ye destek ama\u00e7l\u0131 Hay\u0131r \u00c7ar\u015f\u0131s\u0131 d\u00fczenledi.<br \/>\n<br \/>Etkinlikte elde edilen gelir, Gazze halk\u0131na ba\u011f\u0131\u015flanacak. Okul \u00f6\u011frencileri, \u00f6\u011fretmenleri ve velilerinin yo\u011fun kat\u0131l\u0131m g\u00f6sterdi\u011fi Hay\u0131r \u00c7ar\u015f\u0131s\u0131 b\u00fcy\u00fck ilgi g\u00f6r\u00fcrken, Hay\u0131r \u00c7ar\u015f\u0131s\u0131 K\u00fctahya \u0130l Milli E\u011fitim M\u00fcd\u00fcrl\u00fc\u011f\u00fc\u2019n\u00fcn te\u015fvikleriyle ger\u00e7ekle\u015ftirildi.<br \/>\n<br \/>Abd\u00fclhamid Han Anadolu Lisesi Okul M\u00fcd\u00fcr\u00fc R\u0131dvan Yabanc\u0131, &#8220;Bu etkinlik, Milli E\u011fitim M\u00fcd\u00fcrl\u00fc\u011f\u00fcm\u00fcz\u00fcn te\u015fvikleriyle yapm\u0131\u015f oldu\u011fumuz bir etkinlik oldu. Ama\u00e7 Gazze\u2019de \u00e7ocuklar \u00f6l\u00fcrken, insanl\u0131k orada \u00f6l\u00fcrken, okul olarak biz bu konuda vicdanlar\u0131 harekete ge\u00e7irmeye \u00e7al\u0131\u015ft\u0131k. Vicdan denilen \u015fey, insan\u0131n kendini kontrol etti\u011fi, ne kadar insan oldu\u011funu asl\u0131nda g\u00f6rd\u00fc\u011f\u00fc bir hareket. Vicdanlar\u0131 canl\u0131 tutmak, bence insan olmay\u0131, becerebilmeyi ortaya \u00e7\u0131kart\u0131yor. Bizim amac\u0131m\u0131z da \u00f6\u011frencilerimizle birlikte b\u00f6yle bir vicdan hareketini, b\u00f6yle bir insan olma, insan onurunu kurtarma ad\u0131na yapt\u0131\u011f\u0131m\u0131z bir etkinlik oldu. \u00c7ok g\u00fczel oldu. Kat\u0131lan herkese te\u015fekk\u00fcr ediyoruz&#8221; dedi.<\/p>\n<p>&#8220;Ba\u015far\u0131yla ger\u00e7ekle\u015ftirdik&#8221;<br \/>\n<br \/>Okul Aile Birli\u011fi Ba\u015fkan\u0131 Nilg\u00fcn F\u0131nd\u0131kl\u0131, destek\u00e7ilere te\u015fekk\u00fcr ederek, &#8220;Bug\u00fcn bize b\u00fct\u00fcn velilerimizden ve \u00f6\u011frencilerimizden ve d\u0131\u015far\u0131dan gelen misafirlerden de sonsuz te\u015fekk\u00fcrler diliyorum. G\u00fczel bir kat\u0131l\u0131m oldu. Gazze yarar\u0131na bize verilen bu g\u00f6revi \u00fcst\u00fcn ba\u015far\u0131yla atlatt\u0131\u011f\u0131m\u0131z\u0131 d\u00fc\u015f\u00fcn\u00fcyorum. Herkesin ayaklar\u0131na sa\u011fl\u0131k. Emekleri i\u00e7in de herkese te\u015fekk\u00fcr ediyorum&#8221; dedi.<\/p>\n<p>&#8220;Her destek umut olsun&#8221;<br \/>\n<br \/>Okul Aile Birli\u011fi Ba\u015fkan Yard\u0131mc\u0131s\u0131 Elif Kaya, etkinli\u011fin Gazze i\u00e7in umut olu\u015fturma amac\u0131n\u0131 vurgulad\u0131. Kaya, &#8220;Okulumuz Abd\u00fclhamid Han Anadolu Lisesi olarak, Gazze\u2019deki karde\u015flerimize bir nebze yaralar\u0131na merhem olabilmek i\u00e7in, Okul Aile Birli\u011fi olarak okul m\u00fcd\u00fcr\u00fcm\u00fcz, \u00f6\u011frencilerimiz, \u00f6\u011fretmenlerimiz ve velilerimizle bir iyilik ekibi olu\u015fturmak istedik. Gelen herkese te\u015fekk\u00fcr ederiz. Buradaki verilen her destek karanl\u0131\u011fa do\u011fan bir dolunay gibi umut olsun dile\u011fiyle. \u0130n\u015fallah Rabbim emeklerimizi zayi etmesin. Dualar\u0131m\u0131z Gazze i\u00e7in\u2019\u2019 diye konu\u015ftu.<br \/>\n<br \/>Hay\u0131r \u00c7ar\u015f\u0131s\u0131\u2019na olan yo\u011fun ilgi g\u00f6sterilirken etkinlikten elde edilen gelir, Gazze halk\u0131n\u0131n ihtiya\u00e7lar\u0131 do\u011frultusunda kullan\u0131lacak.<br \/><\/p>\n","protected":false},"excerpt":{"rendered":"<p>K\u00fctahya Abd\u00fclhamid Han Anadolu Lisesi, Gazze\u2019ye destek ama\u00e7l\u0131 Hay\u0131r \u00c7ar\u015f\u0131s\u0131 d\u00fczenledi. Etkinlikte elde edilen gelir, Gazze halk\u0131na ba\u011f\u0131\u015flanacak. Okul \u00f6\u011frencileri, \u00f6\u011fretmenleri ve velilerinin yo\u011fun kat\u0131l\u0131m g\u00f6sterdi\u011fi Hay\u0131r \u00c7ar\u015f\u0131s\u0131 b\u00fcy\u00fck ilgi g\u00f6r\u00fcrken, Hay\u0131r \u00c7ar\u015f\u0131s\u0131 K\u00fctahya \u0130l Milli E\u011fitim M\u00fcd\u00fcrl\u00fc\u011f\u00fc\u2019n\u00fcn te\u015fvikleriyle ger\u00e7ekle\u015ftirildi. Abd\u00fclhamid Han Anadolu Lisesi Okul M\u00fcd\u00fcr\u00fc R\u0131dvan Yabanc\u0131, &#8220;Bu etkinlik, Milli E\u011fitim M\u00fcd\u00fcrl\u00fc\u011f\u00fcm\u00fcz\u00fcn te\u015fvikleriyle yapm\u0131\u015f&#8230;<\/p>\n","protected":false},"author":1,"featured_media":71580,"comment_status":"open","ping_status":"open","sticky":false,"template":"","format":"standard","meta":{"_crdt_document":"","footnotes":""},"categories":[1],"tags":[],"class_list":["post-71579","post","type-post","status-publish","format-standard","has-post-thumbnail","hentry","category-guncel"],"_links":{"self":[{"href":"https:\/\/www.egemtv.com\/index.php?rest_route=\/wp\/v2\/posts\/71579","targetHints":{"allow":["GET"]}}],"collection":[{"href":"https:\/\/www.egemtv.com\/index.php?rest_route=\/wp\/v2\/posts"}],"about":[{"href":"https:\/\/www.egemtv.com\/index.php?rest_route=\/wp\/v2\/types\/post"}],"author":[{"embeddable":true,"href":"https:\/\/www.egemtv.com\/index.php?rest_route=\/wp\/v2\/users\/1"}],"replies":[{"embeddable":true,"href":"https:\/\/www.egemtv.com\/index.php?rest_route=%2Fwp%2Fv2%2Fcomments&post=71579"}],"version-history":[{"count":1,"href":"https:\/\/www.egemtv.com\/index.php?rest_route=\/wp\/v2\/posts\/71579\/revisions"}],"predecessor-version":[{"id":71581,"href":"https:\/\/www.egemtv.com\/index.php?rest_route=\/wp\/v2\/posts\/71579\/revisions\/71581"}],"wp:featuredmedia":[{"embeddable":true,"href":"https:\/\/www.egemtv.com\/index.php?rest_route=\/wp\/v2\/media\/71580"}],"wp:attachment":[{"href":"https:\/\/www.egemtv.com\/index.php?rest_route=%2Fwp%2Fv2%2Fmedia&parent=71579"}],"wp:term":[{"taxonomy":"category","embeddable":true,"href":"https:\/\/www.egemtv.com\/index.php?rest_route=%2Fwp%2Fv2%2Fcategories&post=71579"},{"taxonomy":"post_tag","embeddable":true,"href":"https:\/\/www.egemtv.com\/index.php?rest_route=%2Fwp%2Fv2%2Ftags&post=71579"}],"curies":[{"name":"wp","href":"https:\/\/api.w.org\/{rel}","templated":true}]}}