{"id":71573,"date":"2025-12-02T17:34:32","date_gmt":"2025-12-02T14:34:32","guid":{"rendered":"https:\/\/www.egemtv.com\/?p=71573"},"modified":"2025-12-02T17:34:33","modified_gmt":"2025-12-02T14:34:33","slug":"adude-siber-guvenlik-egitimi-icin-isbirligi-protokolu-imzalandi","status":"publish","type":"post","link":"https:\/\/www.egemtv.com\/?p=71573","title":{"rendered":"AD\u00dc\u2019de Siber G\u00fcvenlik E\u011fitimi i\u00e7in i\u015fbirli\u011fi protokol\u00fc imzaland\u0131"},"content":{"rendered":"<p>Sanayi ve Teknoloji Bakanl\u0131\u011f\u0131 ile G\u00fcney Ege Kalk\u0131nma Ajans\u0131 (GEKA) i\u015f birli\u011finde, 2026 D\u00f6nemi \u00e7er\u00e7evesinde Siber Vatan Program\u0131 kapsam\u0131nda, Adnan Menderes \u00dcniversitesi ile GEKA aras\u0131nda &#8220;Siber Vatan Program\u0131 Siber G\u00fcvenlik E\u011fitimi \u0130\u015f Birli\u011fi Protokol\u00fc&#8221; imzaland\u0131.<\/p>\n<p>Bilgi ve ileti\u015fim teknolojilerinin h\u0131zla geli\u015fmesiyle birlikte siber g\u00fcvenlik alan\u0131nda nitelikli insan kayna\u011f\u0131na duyulan ihtiya\u00e7 art\u0131yor. Bu do\u011frultuda Kalk\u0131nma Ajanslar\u0131, \u00f6\u011frencilerin fark\u0131ndal\u0131\u011f\u0131n\u0131 art\u0131rmak, potansiyel yetenekleri desteklemek ve gen\u00e7lerin dijital ile siber g\u00fcvenlik teknolojileri alan\u0131nda kariyer geli\u015ftirmesine katk\u0131 sa\u011flamak amac\u0131yla Siber Vatan Program\u0131\u2019n\u0131 hayata ge\u00e7irdi.<\/p>\n<p>\u0130mzalanan protokol; program\u0131n uygulanmas\u0131na ili\u015fkin usul ve esaslar\u0131 belirleyerek, 2026 y\u0131l\u0131nda T\u00fcrkiye\u2019nin 81 ilinde e\u015f zamanl\u0131 olarak y\u00fcr\u00fct\u00fclecek e\u011fitim faaliyetlerinin AD\u00dc\u2019de nas\u0131l uygulanaca\u011f\u0131n\u0131 d\u00fczenliyor. Bu kapsamda; farkl\u0131 b\u00f6l\u00fcmlerde \u00f6\u011frenim g\u00f6ren \u00f6\u011frenciler i\u00e7in planlanan e\u011fitim s\u00fcre\u00e7leri, taraflar\u0131n mali sorumluluklar\u0131, sa\u011flanacak altyap\u0131lar ve \u00f6\u011frenci i\u015fleyi\u015fleri protokolde yer al\u0131yor.<\/p>\n<p>Hedef kitlesini AD\u00dc\u2019n\u00fcn farkl\u0131 kademelerinde \u00f6\u011frenim g\u00f6ren \u00f6\u011frencilerin olu\u015fturdu\u011fu Siber Vatan Program\u0131; y\u00fcz y\u00fcze ve \u00e7evrim i\u00e7i e\u011fitimler, yar\u0131\u015fmalar ve sanal laboratuvar uygulamalar\u0131ndan olu\u015fuyor. Program sonunda \u00f6\u011frencilere bireysel geli\u015fim puanlar\u0131 verilecek; ba\u015far\u0131 g\u00f6steren \u00f6\u011frenciler staj ve yetenek geli\u015ftirme f\u0131rsatlar\u0131ndan yararlanabilecek.<\/p>\n<p>Rekt\u00f6r Prof. Dr. B\u00fclent Kent, protokol\u00fcn \u00f6\u011frencilerin ad\u0131na hay\u0131rl\u0131 olmas\u0131n\u0131 dileyerek &#8220;Dijitalle\u015fmenin h\u0131zla ilerledi\u011fi g\u00fcn\u00fcm\u00fczde, siber g\u00fcvenlik hem \u00fclkemizin hem de kurumlar\u0131m\u0131z\u0131n \u00f6ncelikli alanlar\u0131ndan biri h\u00e2line geldi. Bu protokol ile \u00f6\u011frencilerimizin siber g\u00fcvenlik alan\u0131nda nitelikli e\u011fitimlere eri\u015fmesini, yeteneklerini geli\u015ftirmesini ve bu alanda g\u00fc\u00e7l\u00fc bir kariyer yolculu\u011funa ad\u0131m atmas\u0131n\u0131 hedefliyoruz. GEKA ile ger\u00e7ekle\u015ftirdi\u011fimiz bu i\u015f birli\u011fi, \u00dcniversitemizin dijital d\u00f6n\u00fc\u015f\u00fcm vizyonuna \u00f6nemli katk\u0131 sa\u011flayacak. Programa kat\u0131lan t\u00fcm \u00f6\u011frencilerimizin g\u00fc\u00e7l\u00fc bir donan\u0131mla gelece\u011fe haz\u0131rlanaca\u011f\u0131na inan\u0131yorum&#8221; dedi.<\/p>\n<p>\u0130mza t\u00f6renine, AD\u00dc Rekt\u00f6r\u00fc Prof. Dr. B\u00fclent Kent, GEKA Genel Sekreteri \u00dcmit G\u00fclya\u011f\u0131, GEKA Ayd\u0131n Yat\u0131r\u0131m Destek Ofisi Koordinat\u00f6r\u00fc Numan Kat\u0131ks\u0131z ve AD\u00dc M\u00fchendislik Fak\u00fcltesi Dekan V. Prof. Dr. Hilal \u015eahin Nadeem kat\u0131ld\u0131.<br \/><\/p>\n","protected":false},"excerpt":{"rendered":"<p>Sanayi ve Teknoloji Bakanl\u0131\u011f\u0131 ile G\u00fcney Ege Kalk\u0131nma Ajans\u0131 (GEKA) i\u015f birli\u011finde, 2026 D\u00f6nemi \u00e7er\u00e7evesinde Siber Vatan Program\u0131 kapsam\u0131nda, Adnan Menderes \u00dcniversitesi ile GEKA aras\u0131nda &#8220;Siber Vatan Program\u0131 Siber G\u00fcvenlik E\u011fitimi \u0130\u015f Birli\u011fi Protokol\u00fc&#8221; imzaland\u0131. Bilgi ve ileti\u015fim teknolojilerinin h\u0131zla geli\u015fmesiyle birlikte siber g\u00fcvenlik alan\u0131nda nitelikli insan kayna\u011f\u0131na duyulan ihtiya\u00e7 art\u0131yor. Bu do\u011frultuda Kalk\u0131nma Ajanslar\u0131,&#8230;<\/p>\n","protected":false},"author":1,"featured_media":71574,"comment_status":"open","ping_status":"open","sticky":false,"template":"","format":"standard","meta":{"_crdt_document":"","footnotes":""},"categories":[124],"tags":[],"class_list":["post-71573","post","type-post","status-publish","format-standard","has-post-thumbnail","hentry","category-bilim"],"_links":{"self":[{"href":"https:\/\/www.egemtv.com\/index.php?rest_route=\/wp\/v2\/posts\/71573","targetHints":{"allow":["GET"]}}],"collection":[{"href":"https:\/\/www.egemtv.com\/index.php?rest_route=\/wp\/v2\/posts"}],"about":[{"href":"https:\/\/www.egemtv.com\/index.php?rest_route=\/wp\/v2\/types\/post"}],"author":[{"embeddable":true,"href":"https:\/\/www.egemtv.com\/index.php?rest_route=\/wp\/v2\/users\/1"}],"replies":[{"embeddable":true,"href":"https:\/\/www.egemtv.com\/index.php?rest_route=%2Fwp%2Fv2%2Fcomments&post=71573"}],"version-history":[{"count":1,"href":"https:\/\/www.egemtv.com\/index.php?rest_route=\/wp\/v2\/posts\/71573\/revisions"}],"predecessor-version":[{"id":71575,"href":"https:\/\/www.egemtv.com\/index.php?rest_route=\/wp\/v2\/posts\/71573\/revisions\/71575"}],"wp:featuredmedia":[{"embeddable":true,"href":"https:\/\/www.egemtv.com\/index.php?rest_route=\/wp\/v2\/media\/71574"}],"wp:attachment":[{"href":"https:\/\/www.egemtv.com\/index.php?rest_route=%2Fwp%2Fv2%2Fmedia&parent=71573"}],"wp:term":[{"taxonomy":"category","embeddable":true,"href":"https:\/\/www.egemtv.com\/index.php?rest_route=%2Fwp%2Fv2%2Fcategories&post=71573"},{"taxonomy":"post_tag","embeddable":true,"href":"https:\/\/www.egemtv.com\/index.php?rest_route=%2Fwp%2Fv2%2Ftags&post=71573"}],"curies":[{"name":"wp","href":"https:\/\/api.w.org\/{rel}","templated":true}]}}