{"id":71570,"date":"2025-12-02T17:14:58","date_gmt":"2025-12-02T14:14:58","guid":{"rendered":"https:\/\/www.egemtv.com\/?p=71570"},"modified":"2025-12-02T17:14:59","modified_gmt":"2025-12-02T14:14:59","slug":"vali-canbolat-koskte-zeytinyagi-sikim-isletmelerinde-incelemelerde-bulundu","status":"publish","type":"post","link":"https:\/\/www.egemtv.com\/?p=71570","title":{"rendered":"Vali Canbolat, K\u00f6\u015fk\u2019te zeytinya\u011f\u0131 s\u0131k\u0131m i\u015fletmelerinde incelemelerde bulundu"},"content":{"rendered":"<p>Ayd\u0131n Valisi Yakup Canbolat, K\u00f6\u015fk il\u00e7esindeki yerli g\u0131da firmalar\u0131n\u0131n \u00fcretim tesislerini inceledi. Ziyarette yerli \u00fcretimin ekonomiye ve istihdama katk\u0131s\u0131 vurguland\u0131.<\/p>\n<p>Ayd\u0131n Valisi Canbolat\u2019\u0131n, K\u00f6\u015fk il\u00e7esinde Baklak\u00f6y ve Ba\u015f\u00e7ay\u0131r Mahallerinde faaliyet g\u00f6steren zeytin ve zeytinya\u011f\u0131 s\u0131k\u0131m firmalar\u0131n\u0131n tesislerini ziyaretinde K\u00f6\u015fk Kaymakam\u0131 Hasan Ta\u015f, K\u00f6\u015fk Belediye Ba\u015fkan\u0131 Nuri G\u00fcler, K\u00f6\u015fk \u0130l\u00e7e Tar\u0131m M\u00fcd\u00fcr\u00fc Veysel Ali \u00dcnal, Ayd\u0131n Ticaret Borsas\u0131 Ba\u015fkan Yard\u0131mc\u0131s\u0131 Cengiz \u00dclgen\u2019de e\u015flik etti. Vali Canbolat, tesisin \u00fcretim s\u00fcre\u00e7lerini inceleyerek i\u015fletme yetkililerinden bilgi ald\u0131.<\/p>\n<p>Tesis incelemelerinin ard\u0131ndan a\u00e7\u0131klamalarda bulunan Vali Canbolat, yerli \u00fcretimin T\u00fcrkiye ekonomisi i\u00e7in ta\u015f\u0131d\u0131\u011f\u0131 \u00f6neme dikkat \u00e7ekti. Canbolat, &#8220;Yerli \u00fcretim, g\u00fc\u00e7l\u00fc ekonomi ve istihdam i\u00e7in \u00e7al\u0131\u015fan t\u00fcm i\u015fletmelerimize te\u015fekk\u00fcr ediyoruz. Bu t\u00fcr tesisler, hem Ayd\u0131n ekonomisini g\u00fc\u00e7lendiriyor hem de b\u00f6lgedeki istihdam\u0131 art\u0131r\u0131yor&#8221; dedi.<\/p>\n<p>Vali Canbolat, g\u0131da sekt\u00f6r\u00fcnde faaliyet g\u00f6steren i\u015fletmelerin kalite ve \u00fcretim standartlar\u0131n\u0131n y\u00fckseltilmesinin hem ulusal hem de uluslararas\u0131 pazarda rekabet g\u00fcc\u00fcn\u00fc art\u0131raca\u011f\u0131n\u0131 vurgulad\u0131. Ayr\u0131ca yerli \u00fcretimin s\u00fcrd\u00fcr\u00fclebilir kalk\u0131nman\u0131n temel unsurlar\u0131ndan biri oldu\u011funu ifade etti.<\/p>\n<p>Ziyaret, tesis \u00e7al\u0131\u015fanlar\u0131yla ger\u00e7ekle\u015ftirilen sohbet ve \u00fcretim alanlar\u0131n\u0131n incelenmesi ile sona erdi. Vali Canbolat ve Kaymakam Ta\u015f, i\u015fletmenin b\u00f6lge ekonomisine katk\u0131s\u0131ndan dolay\u0131 i\u015fletme yetkililerine te\u015fekk\u00fcr etti.<br \/><\/p>\n","protected":false},"excerpt":{"rendered":"<p>Ayd\u0131n Valisi Yakup Canbolat, K\u00f6\u015fk il\u00e7esindeki yerli g\u0131da firmalar\u0131n\u0131n \u00fcretim tesislerini inceledi. Ziyarette yerli \u00fcretimin ekonomiye ve istihdama katk\u0131s\u0131 vurguland\u0131. Ayd\u0131n Valisi Canbolat\u2019\u0131n, K\u00f6\u015fk il\u00e7esinde Baklak\u00f6y ve Ba\u015f\u00e7ay\u0131r Mahallerinde faaliyet g\u00f6steren zeytin ve zeytinya\u011f\u0131 s\u0131k\u0131m firmalar\u0131n\u0131n tesislerini ziyaretinde K\u00f6\u015fk Kaymakam\u0131 Hasan Ta\u015f, K\u00f6\u015fk Belediye Ba\u015fkan\u0131 Nuri G\u00fcler, K\u00f6\u015fk \u0130l\u00e7e Tar\u0131m M\u00fcd\u00fcr\u00fc Veysel Ali \u00dcnal, Ayd\u0131n&#8230;<\/p>\n","protected":false},"author":1,"featured_media":71571,"comment_status":"open","ping_status":"open","sticky":false,"template":"","format":"standard","meta":{"_crdt_document":"","footnotes":""},"categories":[1],"tags":[],"class_list":["post-71570","post","type-post","status-publish","format-standard","has-post-thumbnail","hentry","category-guncel"],"_links":{"self":[{"href":"https:\/\/www.egemtv.com\/index.php?rest_route=\/wp\/v2\/posts\/71570","targetHints":{"allow":["GET"]}}],"collection":[{"href":"https:\/\/www.egemtv.com\/index.php?rest_route=\/wp\/v2\/posts"}],"about":[{"href":"https:\/\/www.egemtv.com\/index.php?rest_route=\/wp\/v2\/types\/post"}],"author":[{"embeddable":true,"href":"https:\/\/www.egemtv.com\/index.php?rest_route=\/wp\/v2\/users\/1"}],"replies":[{"embeddable":true,"href":"https:\/\/www.egemtv.com\/index.php?rest_route=%2Fwp%2Fv2%2Fcomments&post=71570"}],"version-history":[{"count":1,"href":"https:\/\/www.egemtv.com\/index.php?rest_route=\/wp\/v2\/posts\/71570\/revisions"}],"predecessor-version":[{"id":71572,"href":"https:\/\/www.egemtv.com\/index.php?rest_route=\/wp\/v2\/posts\/71570\/revisions\/71572"}],"wp:featuredmedia":[{"embeddable":true,"href":"https:\/\/www.egemtv.com\/index.php?rest_route=\/wp\/v2\/media\/71571"}],"wp:attachment":[{"href":"https:\/\/www.egemtv.com\/index.php?rest_route=%2Fwp%2Fv2%2Fmedia&parent=71570"}],"wp:term":[{"taxonomy":"category","embeddable":true,"href":"https:\/\/www.egemtv.com\/index.php?rest_route=%2Fwp%2Fv2%2Fcategories&post=71570"},{"taxonomy":"post_tag","embeddable":true,"href":"https:\/\/www.egemtv.com\/index.php?rest_route=%2Fwp%2Fv2%2Ftags&post=71570"}],"curies":[{"name":"wp","href":"https:\/\/api.w.org\/{rel}","templated":true}]}}