{"id":71567,"date":"2025-12-02T17:14:57","date_gmt":"2025-12-02T14:14:57","guid":{"rendered":"https:\/\/www.egemtv.com\/?p=71567"},"modified":"2025-12-02T17:14:58","modified_gmt":"2025-12-02T14:14:58","slug":"denizlide-gelen-475-bin-cagrida-104-bin-hastaya-ambulans-hizmeti-verildi","status":"publish","type":"post","link":"https:\/\/www.egemtv.com\/?p=71567","title":{"rendered":"Denizli\u2019de gelen 475 bin \u00e7a\u011fr\u0131da 104 bin hastaya ambulans hizmeti verildi"},"content":{"rendered":"<p>Denizli \u0130l Sa\u011fl\u0131k M\u00fcd\u00fcr\u00fc Uz.Dr. Berna \u00d6zt\u00fcrk, 1-7 Aral\u0131k Acil Sa\u011fl\u0131k Hizmetleri Haftas\u0131 kapsam\u0131nda Denizli\u2019de y\u00fcr\u00fct\u00fclen acil sa\u011fl\u0131k hizmetleri hakk\u0131nda bilgi vererek 112 \u00e7al\u0131\u015fanlar\u0131n\u0131n her \u015fartta fedakarca g\u00f6rev yapt\u0131\u011f\u0131n\u0131 vurgulad\u0131, hafta kapsam\u0131nda toplumun duyarl\u0131l\u0131\u011f\u0131n\u0131n artt\u0131r\u0131lmas\u0131n\u0131n gerekti\u011fini ifade etti.<\/p>\n<p>112 Acil Sa\u011fl\u0131k Hizmeti \u00e7al\u0131\u015fanlar\u0131n\u0131n, vatanda\u015flar\u0131n en zor anlar\u0131nda yanlar\u0131nda olan g\u00f6r\u00fcnmez kahramanlar oldu\u011funu belirten Denizli \u0130l Sa\u011fl\u0131k M\u00fcd\u00fcr\u00fc Uz.Dr. Berna \u00d6zt\u00fcrk, sahada g\u00f6rev yapan 112 \u00e7al\u0131\u015fanlar\u0131n\u0131n insan hayat\u0131n\u0131 \u00f6nceleyen bir sorumluluk bilinciyle hareket etti\u011fini s\u00f6yleyerek; &#8220;Acil Sa\u011fl\u0131k Hizmetlerinin sunulmas\u0131nda b\u00fcy\u00fck eme\u011fi olan ve hayatlar\u0131n\u0131 can kurtarmaya adam\u0131\u015f sa\u011fl\u0131k \u00e7al\u0131\u015fanlar\u0131m\u0131z\u0131n, 112 Acil Sa\u011fl\u0131k Hizmetleri Haftas\u0131 kutlu olsun&#8221; dedi.<br \/>\n<br \/>Denizli\u2019de acil sa\u011fl\u0131k hizmetlerindeki rakamlar\u0131 da payla\u015fan Denizli \u0130l Sa\u011fl\u0131k M\u00fcd\u00fcr\u00fc Uz.Dr. Berna \u00d6zt\u00fcrk; &#8220;\u0130l geneli 39 Acil Sa\u011fl\u0131k \u0130stasyonumuzda 589 sa\u011fl\u0131k \u00e7al\u0131\u015fan\u0131m\u0131zla acil sa\u011fl\u0131k hizmetlerini y\u00fcr\u00fct\u00fcyoruz. Vakaya ula\u015fma oran\u0131m\u0131z kent merkezimizde ilk 10 dakikada %95, k\u0131rsal alanlarda ise ilk 30 dakikada %96 civar\u0131ndad\u0131r. \u0130limizde merkezde vakaya ula\u015fma s\u00fcresi 5 dakika 20 saniye, k\u0131rsal b\u00f6lgelerde ise 14 dakika 8 saniye olarak ger\u00e7ekle\u015fmektedir. Acil \u00c7a\u011fr\u0131 merkezi b\u00fcnyesinde bulunan Komuta Kontrol Merkezine yap\u0131lan ihbarlar\u0131n de\u011ferlendirilmesi neticesinde t\u00fcm acil vakalara acil sa\u011fl\u0131k hizmeti sunulmakta, 24 saat online takip edilmekte, dijital sistem ile ilimiz genelinden gelen \u00e7a\u011fr\u0131lar haritalar \u00fczerinden izlenebilmektedir. 2025 y\u0131l\u0131nda Acil \u00c7a\u011fr\u0131 Merkezi M\u00fcd\u00fcrl\u00fc\u011f\u00fc \u0130l Ambulans Servisi Ba\u015fhekimli\u011fine ba\u011fl\u0131 sa\u011fl\u0131k birimine aktar\u0131lan 475 bin  645 \u00e7a\u011fr\u0131y\u0131, sa\u011fl\u0131k birimimiz de\u011ferlendirdi ve 104 bin 340 hastaya 112 Acil Ambulans g\u00f6revlendirmesi yap\u0131larak m\u00fcdahale ve nakil hizmeti sunuldu. Yine ilimizde 1 adet kar paletli ambulans, 1 adet 4 yaral\u0131 ta\u015f\u0131ma kapasitesi olan ambulans, 1 adet yo\u011fun bak\u0131m ve obez ambulans\u0131, 1 adet yeni do\u011fan ambulans\u0131, 1 adet motosikletli acil m\u00fcdahale ekibi olmak \u00fczere toplamda 111 adet 112 ambulans\u0131 ile hizmet veriyoruz&#8221; dedi.<\/p>\n<p>Hafta kapsam\u0131nda Denizli \u0130l Sa\u011fl\u0131k M\u00fcd\u00fcrl\u00fc\u011f\u00fc taraf\u0131ndan okullarda bilgilendirme \u00e7al\u0131\u015fmalar\u0131, fark\u0131ndal\u0131k etkinlikleri ve 112 \u00c7a\u011fr\u0131 Merkezi\u2019ne y\u00f6nelik tan\u0131t\u0131m faaliyetlerinin ger\u00e7ekle\u015ftirilece\u011fini ifade eden Uz.Dr. Berna \u00d6zt\u00fcrk, 112\u2019yi gereksiz aramalar\u0131n acil m\u00fcdahaleleri aksatt\u0131\u011f\u0131n\u0131 hat\u0131rlatt\u0131 ve s\u00f6zlerini \u015f\u00f6yle devam ettirdi: &#8220;112 Acil Sa\u011fl\u0131k Hizmeti \u00e7al\u0131\u015fanlar\u0131m\u0131z canla ba\u015fla \u00e7al\u0131\u015f\u0131rken, 112 \u00e7a\u011fr\u0131 merkezine yap\u0131lan as\u0131ls\u0131z \u00e7a\u011fr\u0131lar, yanl\u0131\u015f adres verilmesi, trafikte s\u00fcr\u00fcc\u00fclerin ambulansa yol vermemesi gibi nedenlerden dolay\u0131 maalesef ekiplerimizin vakalara ula\u015fmas\u0131 zorla\u015f\u0131yor. 112 \u00e7a\u011fr\u0131 merkezinin saniyelerin bile kritik \u00f6nem ta\u015f\u0131d\u0131\u011f\u0131 anlarda insanlar\u0131n ya\u015famla \u00f6l\u00fcm aras\u0131ndaki \u00e7izgide uzanan bir hayat k\u00f6pr\u00fcs\u00fc oldu\u011funu unutmayal\u0131m. 112, hayat kurtarmak i\u00e7in var. L\u00fctfen acil olmayan durumlarda bu hatt\u0131 me\u015fgul etmeyelim&#8221; dedi.<br \/><\/p>\n","protected":false},"excerpt":{"rendered":"<p>Denizli \u0130l Sa\u011fl\u0131k M\u00fcd\u00fcr\u00fc Uz.Dr. Berna \u00d6zt\u00fcrk, 1-7 Aral\u0131k Acil Sa\u011fl\u0131k Hizmetleri Haftas\u0131 kapsam\u0131nda Denizli\u2019de y\u00fcr\u00fct\u00fclen acil sa\u011fl\u0131k hizmetleri hakk\u0131nda bilgi vererek 112 \u00e7al\u0131\u015fanlar\u0131n\u0131n her \u015fartta fedakarca g\u00f6rev yapt\u0131\u011f\u0131n\u0131 vurgulad\u0131, hafta kapsam\u0131nda toplumun duyarl\u0131l\u0131\u011f\u0131n\u0131n artt\u0131r\u0131lmas\u0131n\u0131n gerekti\u011fini ifade etti. 112 Acil Sa\u011fl\u0131k Hizmeti \u00e7al\u0131\u015fanlar\u0131n\u0131n, vatanda\u015flar\u0131n en zor anlar\u0131nda yanlar\u0131nda olan g\u00f6r\u00fcnmez kahramanlar oldu\u011funu belirten Denizli \u0130l&#8230;<\/p>\n","protected":false},"author":1,"featured_media":71568,"comment_status":"open","ping_status":"open","sticky":false,"template":"","format":"standard","meta":{"_crdt_document":"","footnotes":""},"categories":[2],"tags":[],"class_list":["post-71567","post","type-post","status-publish","format-standard","has-post-thumbnail","hentry","category-saglik"],"_links":{"self":[{"href":"https:\/\/www.egemtv.com\/index.php?rest_route=\/wp\/v2\/posts\/71567","targetHints":{"allow":["GET"]}}],"collection":[{"href":"https:\/\/www.egemtv.com\/index.php?rest_route=\/wp\/v2\/posts"}],"about":[{"href":"https:\/\/www.egemtv.com\/index.php?rest_route=\/wp\/v2\/types\/post"}],"author":[{"embeddable":true,"href":"https:\/\/www.egemtv.com\/index.php?rest_route=\/wp\/v2\/users\/1"}],"replies":[{"embeddable":true,"href":"https:\/\/www.egemtv.com\/index.php?rest_route=%2Fwp%2Fv2%2Fcomments&post=71567"}],"version-history":[{"count":1,"href":"https:\/\/www.egemtv.com\/index.php?rest_route=\/wp\/v2\/posts\/71567\/revisions"}],"predecessor-version":[{"id":71569,"href":"https:\/\/www.egemtv.com\/index.php?rest_route=\/wp\/v2\/posts\/71567\/revisions\/71569"}],"wp:featuredmedia":[{"embeddable":true,"href":"https:\/\/www.egemtv.com\/index.php?rest_route=\/wp\/v2\/media\/71568"}],"wp:attachment":[{"href":"https:\/\/www.egemtv.com\/index.php?rest_route=%2Fwp%2Fv2%2Fmedia&parent=71567"}],"wp:term":[{"taxonomy":"category","embeddable":true,"href":"https:\/\/www.egemtv.com\/index.php?rest_route=%2Fwp%2Fv2%2Fcategories&post=71567"},{"taxonomy":"post_tag","embeddable":true,"href":"https:\/\/www.egemtv.com\/index.php?rest_route=%2Fwp%2Fv2%2Ftags&post=71567"}],"curies":[{"name":"wp","href":"https:\/\/api.w.org\/{rel}","templated":true}]}}