{"id":71564,"date":"2025-12-02T16:37:44","date_gmt":"2025-12-02T13:37:44","guid":{"rendered":"https:\/\/www.egemtv.com\/?p=71564"},"modified":"2025-12-02T16:37:45","modified_gmt":"2025-12-02T13:37:45","slug":"tuzla-sulak-alani-flamingolarla-renkleniyor","status":"publish","type":"post","link":"https:\/\/www.egemtv.com\/?p=71564","title":{"rendered":"Tuzla Sulak Alan\u0131 flamingolarla renkleniyor"},"content":{"rendered":"<p>Bodrum ve Milas aras\u0131nda yer alan Tuzla Sulak Alan\u0131, flamingolar\u0131n ve di\u011fer g\u00f6\u00e7men ku\u015flar\u0131n yo\u011fun ilgisine sahne oluyor. Binlerce flamingonun sulak alanda bir araya gelmesi, b\u00f6lgeyi ziyaret edenler i\u00e7in g\u00f6rsel bir \u015f\u00f6len olu\u015fturdu.<\/p>\n<p>380 hektarl\u0131k Tuzla Sulak Alan\u0131 Do\u011fal Tabiat Park\u0131, Avrupa ve Afrika aras\u0131ndaki g\u00f6\u00e7 yollar\u0131 \u00fczerinde \u00f6nemli bir durak noktas\u0131 olarak biliniyor. Flamingolar\u0131n yan\u0131 s\u0131ra pelikan, bal\u0131k\u00e7\u0131l, boz \u00f6rdek, batakl\u0131k ve k\u0131rlang\u0131\u00e7 gibi bir\u00e7ok ku\u015f t\u00fcr\u00fc de alanda g\u00f6zlemleniyor. Tuzla, yakla\u015f\u0131k 50 bal\u0131k ve 40 ku\u015f t\u00fcr\u00fcyle zengin bir ekosisteme ev sahipli\u011fi yaparken, \u00e7evresindeki bitki \u00f6rt\u00fcs\u00fc alan\u0131n do\u011fal g\u00fczelli\u011fini art\u0131r\u0131yor.<\/p>\n<p>B\u00f6lgede g\u00f6zlemlenen g\u00f6\u00e7men ku\u015f yo\u011funlu\u011fu dron ile havadan g\u00f6r\u00fcnt\u00fclendi ve sulak alan\u0131n T\u00fcrkiye\u2019de g\u00f6\u00e7men ku\u015flar i\u00e7in \u00f6nemini bir kez daha ortaya koydu.<br \/><\/p>\n","protected":false},"excerpt":{"rendered":"<p>Bodrum ve Milas aras\u0131nda yer alan Tuzla Sulak Alan\u0131, flamingolar\u0131n ve di\u011fer g\u00f6\u00e7men ku\u015flar\u0131n yo\u011fun ilgisine sahne oluyor. Binlerce flamingonun sulak alanda bir araya gelmesi, b\u00f6lgeyi ziyaret edenler i\u00e7in g\u00f6rsel bir \u015f\u00f6len olu\u015fturdu. 380 hektarl\u0131k Tuzla Sulak Alan\u0131 Do\u011fal Tabiat Park\u0131, Avrupa ve Afrika aras\u0131ndaki g\u00f6\u00e7 yollar\u0131 \u00fczerinde \u00f6nemli bir durak noktas\u0131 olarak biliniyor. Flamingolar\u0131n&#8230;<\/p>\n","protected":false},"author":1,"featured_media":71565,"comment_status":"open","ping_status":"open","sticky":false,"template":"","format":"standard","meta":{"_crdt_document":"","footnotes":""},"categories":[1],"tags":[],"class_list":["post-71564","post","type-post","status-publish","format-standard","has-post-thumbnail","hentry","category-guncel"],"_links":{"self":[{"href":"https:\/\/www.egemtv.com\/index.php?rest_route=\/wp\/v2\/posts\/71564","targetHints":{"allow":["GET"]}}],"collection":[{"href":"https:\/\/www.egemtv.com\/index.php?rest_route=\/wp\/v2\/posts"}],"about":[{"href":"https:\/\/www.egemtv.com\/index.php?rest_route=\/wp\/v2\/types\/post"}],"author":[{"embeddable":true,"href":"https:\/\/www.egemtv.com\/index.php?rest_route=\/wp\/v2\/users\/1"}],"replies":[{"embeddable":true,"href":"https:\/\/www.egemtv.com\/index.php?rest_route=%2Fwp%2Fv2%2Fcomments&post=71564"}],"version-history":[{"count":1,"href":"https:\/\/www.egemtv.com\/index.php?rest_route=\/wp\/v2\/posts\/71564\/revisions"}],"predecessor-version":[{"id":71566,"href":"https:\/\/www.egemtv.com\/index.php?rest_route=\/wp\/v2\/posts\/71564\/revisions\/71566"}],"wp:featuredmedia":[{"embeddable":true,"href":"https:\/\/www.egemtv.com\/index.php?rest_route=\/wp\/v2\/media\/71565"}],"wp:attachment":[{"href":"https:\/\/www.egemtv.com\/index.php?rest_route=%2Fwp%2Fv2%2Fmedia&parent=71564"}],"wp:term":[{"taxonomy":"category","embeddable":true,"href":"https:\/\/www.egemtv.com\/index.php?rest_route=%2Fwp%2Fv2%2Fcategories&post=71564"},{"taxonomy":"post_tag","embeddable":true,"href":"https:\/\/www.egemtv.com\/index.php?rest_route=%2Fwp%2Fv2%2Ftags&post=71564"}],"curies":[{"name":"wp","href":"https:\/\/api.w.org\/{rel}","templated":true}]}}