{"id":71561,"date":"2025-12-02T16:37:43","date_gmt":"2025-12-02T13:37:43","guid":{"rendered":"https:\/\/www.egemtv.com\/?p=71561"},"modified":"2025-12-02T16:37:44","modified_gmt":"2025-12-02T13:37:44","slug":"salihlide-9-ayda-508-kisi-uyusturucu-ticaretinden-yakalandi","status":"publish","type":"post","link":"https:\/\/www.egemtv.com\/?p=71561","title":{"rendered":"Salihli\u2019de 9 ayda 508 ki\u015fi uyu\u015fturucu ticaretinden yakaland\u0131"},"content":{"rendered":"<p>Manisa\u2019n\u0131n Salihli il\u00e7esindeki Emniyet M\u00fcd\u00fcrl\u00fc\u011f\u00fc, Ocak-Eyl\u00fcl d\u00f6neminde uyu\u015fturucu madde sat\u0131\u015f\u0131 yapan, kullanan, yeti\u015ftiren ve &#8220;torbac\u0131&#8221; olarak bilinen sokak sat\u0131c\u0131lar\u0131na y\u00f6nelik y\u00fcr\u00fct\u00fclen operasyonlar\u0131n sonu\u00e7lar\u0131n\u0131 kamuoyuna a\u00e7\u0131klad\u0131.<br \/>\n<br \/>Yap\u0131lan a\u00e7\u0131klamaya g\u00f6re, son 9 ayl\u0131k s\u00fcre\u00e7te uyu\u015fturucuya y\u00f6nelik toplam 358 olayda 508 \u015f\u00fcpheli yakaland\u0131. Bu \u015f\u00fcphelilerden 88\u2019i tutuklanarak cezaevine g\u00f6nderilirken, 32\u2019si adli kontrol \u015fart\u0131yla, 388\u2019i ise emniyetteki i\u015flemlerinin ard\u0131ndan serbest b\u0131rak\u0131ld\u0131.<br \/>\n<br \/>Ger\u00e7ekle\u015ftirilen operasyonlarda \u00f6nemli miktarda uyu\u015fturucu madde ele ge\u00e7irildi. Operasyonlarda 595 gram metamfetamin, 120 gram esrar, 1 kilo 425 gram sentetik kannabinoid, 108 gram skunk, 4,5 gram binoid (bonzai hammaddesi), 25 bin 877 adet sentetik ecza hap, 941 adet ecstasy, 131 k\u00f6k kenevir bitkisi, 64 bin 341 i\u00e7imlik pe\u00e7eteye emdirilmi\u015f u\u00e7 bonzai ele ge\u00e7irildi.<br \/>\n<br \/>\u0130l\u00e7e Emniyet M\u00fcd\u00fcrl\u00fc\u011f\u00fc, Salihli\u2019de huzur ve g\u00fcven ortam\u0131n\u0131n korunmas\u0131 i\u00e7in su\u00e7 ve su\u00e7lularla m\u00fccadelenin kararl\u0131l\u0131kla devam edece\u011fini vurgulad\u0131. Salihli\u2019de, uyu\u015fturucu konular\u0131ndan dolay\u0131 huzur ve g\u00fcvenli\u011fin sa\u011flanmas\u0131 i\u00e7in su\u00e7 ve su\u00e7lularla etkin ve kararl\u0131 m\u00fccadelenin s\u00fcrece\u011fi belirtildi.<br \/><\/p>\n","protected":false},"excerpt":{"rendered":"<p>Manisa\u2019n\u0131n Salihli il\u00e7esindeki Emniyet M\u00fcd\u00fcrl\u00fc\u011f\u00fc, Ocak-Eyl\u00fcl d\u00f6neminde uyu\u015fturucu madde sat\u0131\u015f\u0131 yapan, kullanan, yeti\u015ftiren ve &#8220;torbac\u0131&#8221; olarak bilinen sokak sat\u0131c\u0131lar\u0131na y\u00f6nelik y\u00fcr\u00fct\u00fclen operasyonlar\u0131n sonu\u00e7lar\u0131n\u0131 kamuoyuna a\u00e7\u0131klad\u0131. Yap\u0131lan a\u00e7\u0131klamaya g\u00f6re, son 9 ayl\u0131k s\u00fcre\u00e7te uyu\u015fturucuya y\u00f6nelik toplam 358 olayda 508 \u015f\u00fcpheli yakaland\u0131. Bu \u015f\u00fcphelilerden 88\u2019i tutuklanarak cezaevine g\u00f6nderilirken, 32\u2019si adli kontrol \u015fart\u0131yla, 388\u2019i ise emniyetteki i\u015flemlerinin ard\u0131ndan&#8230;<\/p>\n","protected":false},"author":1,"featured_media":71562,"comment_status":"open","ping_status":"open","sticky":false,"template":"","format":"standard","meta":{"_crdt_document":"","footnotes":""},"categories":[5],"tags":[],"class_list":["post-71561","post","type-post","status-publish","format-standard","has-post-thumbnail","hentry","category-asayis"],"_links":{"self":[{"href":"https:\/\/www.egemtv.com\/index.php?rest_route=\/wp\/v2\/posts\/71561","targetHints":{"allow":["GET"]}}],"collection":[{"href":"https:\/\/www.egemtv.com\/index.php?rest_route=\/wp\/v2\/posts"}],"about":[{"href":"https:\/\/www.egemtv.com\/index.php?rest_route=\/wp\/v2\/types\/post"}],"author":[{"embeddable":true,"href":"https:\/\/www.egemtv.com\/index.php?rest_route=\/wp\/v2\/users\/1"}],"replies":[{"embeddable":true,"href":"https:\/\/www.egemtv.com\/index.php?rest_route=%2Fwp%2Fv2%2Fcomments&post=71561"}],"version-history":[{"count":1,"href":"https:\/\/www.egemtv.com\/index.php?rest_route=\/wp\/v2\/posts\/71561\/revisions"}],"predecessor-version":[{"id":71563,"href":"https:\/\/www.egemtv.com\/index.php?rest_route=\/wp\/v2\/posts\/71561\/revisions\/71563"}],"wp:featuredmedia":[{"embeddable":true,"href":"https:\/\/www.egemtv.com\/index.php?rest_route=\/wp\/v2\/media\/71562"}],"wp:attachment":[{"href":"https:\/\/www.egemtv.com\/index.php?rest_route=%2Fwp%2Fv2%2Fmedia&parent=71561"}],"wp:term":[{"taxonomy":"category","embeddable":true,"href":"https:\/\/www.egemtv.com\/index.php?rest_route=%2Fwp%2Fv2%2Fcategories&post=71561"},{"taxonomy":"post_tag","embeddable":true,"href":"https:\/\/www.egemtv.com\/index.php?rest_route=%2Fwp%2Fv2%2Ftags&post=71561"}],"curies":[{"name":"wp","href":"https:\/\/api.w.org\/{rel}","templated":true}]}}