{"id":71558,"date":"2025-12-02T16:37:42","date_gmt":"2025-12-02T13:37:42","guid":{"rendered":"https:\/\/www.egemtv.com\/?p=71558"},"modified":"2025-12-02T16:37:43","modified_gmt":"2025-12-02T13:37:43","slug":"kocagurlu-ogrenciler-incirliovada-agirlandi","status":"publish","type":"post","link":"https:\/\/www.egemtv.com\/?p=71558","title":{"rendered":"Kocag\u00fcrl\u00fc \u00f6\u011frenciler \u0130ncirliova\u2019da a\u011f\u0131rland\u0131"},"content":{"rendered":"<p>Ayd\u0131n\u2019\u0131n Efeler il\u00e7esi Kocag\u00fcr \u0130lkokulu\u2019nda e\u011fitim g\u00f6ren \u00f6\u011frenciler \u0130ncirliova\u2019da d\u00fczenlenen piknik etkinli\u011finde a\u011f\u0131rland\u0131.<br \/>\n<br \/>Efeler Kocag\u00fcr \u0130lkokulu\u2019nda e\u011fitim g\u00f6ren \u00f6\u011frenciler, \u00f6\u011fretmenler ve Kocag\u00fcr Mahalle Muhtar\u0131 Orhan Akranc\u0131, \u0130ncirliova Belediyesi K\u00fclt\u00fcrpark Sosyal Tesisleri\u2019nde d\u00fczenlenen piknik etkinli\u011finde a\u011f\u0131rland\u0131.<br \/>\n<br \/>\u0130ncirliova Belediye Ba\u015fkan\u0131 Aytekin Kaya yapt\u0131\u011f\u0131 a\u00e7\u0131klamada, &#8220;Bu anlaml\u0131 etkinlik sayesinde \u00f6\u011frencilerimiz yo\u011fun ge\u00e7en e\u011fitim-\u00f6\u011fretim y\u0131l\u0131n\u0131n yorgunlu\u011funu atarken, yakla\u015fan s\u0131navlar \u00f6ncesinde moral ve motivasyon kazand\u0131. Ayd\u0131nl\u0131k yar\u0131nlar\u0131m\u0131z\u0131n teminat\u0131 \u00e7ocuklar\u0131m\u0131z\u0131n e\u011fitim hayatlar\u0131nda ba\u015far\u0131l\u0131 olmalar\u0131 ve topluma faydal\u0131 bireyler olarak yeti\u015fmeleri i\u00e7in her zaman yanlar\u0131nda olmaya devam edece\u011fiz&#8221; dedi.<br \/><\/p>\n","protected":false},"excerpt":{"rendered":"<p>Ayd\u0131n\u2019\u0131n Efeler il\u00e7esi Kocag\u00fcr \u0130lkokulu\u2019nda e\u011fitim g\u00f6ren \u00f6\u011frenciler \u0130ncirliova\u2019da d\u00fczenlenen piknik etkinli\u011finde a\u011f\u0131rland\u0131. Efeler Kocag\u00fcr \u0130lkokulu\u2019nda e\u011fitim g\u00f6ren \u00f6\u011frenciler, \u00f6\u011fretmenler ve Kocag\u00fcr Mahalle Muhtar\u0131 Orhan Akranc\u0131, \u0130ncirliova Belediyesi K\u00fclt\u00fcrpark Sosyal Tesisleri\u2019nde d\u00fczenlenen piknik etkinli\u011finde a\u011f\u0131rland\u0131. \u0130ncirliova Belediye Ba\u015fkan\u0131 Aytekin Kaya yapt\u0131\u011f\u0131 a\u00e7\u0131klamada, &#8220;Bu anlaml\u0131 etkinlik sayesinde \u00f6\u011frencilerimiz yo\u011fun ge\u00e7en e\u011fitim-\u00f6\u011fretim y\u0131l\u0131n\u0131n yorgunlu\u011funu atarken, yakla\u015fan s\u0131navlar&#8230;<\/p>\n","protected":false},"author":1,"featured_media":71559,"comment_status":"open","ping_status":"open","sticky":false,"template":"","format":"standard","meta":{"_crdt_document":"","footnotes":""},"categories":[5],"tags":[],"class_list":["post-71558","post","type-post","status-publish","format-standard","has-post-thumbnail","hentry","category-asayis"],"_links":{"self":[{"href":"https:\/\/www.egemtv.com\/index.php?rest_route=\/wp\/v2\/posts\/71558","targetHints":{"allow":["GET"]}}],"collection":[{"href":"https:\/\/www.egemtv.com\/index.php?rest_route=\/wp\/v2\/posts"}],"about":[{"href":"https:\/\/www.egemtv.com\/index.php?rest_route=\/wp\/v2\/types\/post"}],"author":[{"embeddable":true,"href":"https:\/\/www.egemtv.com\/index.php?rest_route=\/wp\/v2\/users\/1"}],"replies":[{"embeddable":true,"href":"https:\/\/www.egemtv.com\/index.php?rest_route=%2Fwp%2Fv2%2Fcomments&post=71558"}],"version-history":[{"count":1,"href":"https:\/\/www.egemtv.com\/index.php?rest_route=\/wp\/v2\/posts\/71558\/revisions"}],"predecessor-version":[{"id":71560,"href":"https:\/\/www.egemtv.com\/index.php?rest_route=\/wp\/v2\/posts\/71558\/revisions\/71560"}],"wp:featuredmedia":[{"embeddable":true,"href":"https:\/\/www.egemtv.com\/index.php?rest_route=\/wp\/v2\/media\/71559"}],"wp:attachment":[{"href":"https:\/\/www.egemtv.com\/index.php?rest_route=%2Fwp%2Fv2%2Fmedia&parent=71558"}],"wp:term":[{"taxonomy":"category","embeddable":true,"href":"https:\/\/www.egemtv.com\/index.php?rest_route=%2Fwp%2Fv2%2Fcategories&post=71558"},{"taxonomy":"post_tag","embeddable":true,"href":"https:\/\/www.egemtv.com\/index.php?rest_route=%2Fwp%2Fv2%2Ftags&post=71558"}],"curies":[{"name":"wp","href":"https:\/\/api.w.org\/{rel}","templated":true}]}}