{"id":71555,"date":"2025-12-02T16:15:55","date_gmt":"2025-12-02T13:15:55","guid":{"rendered":"https:\/\/www.egemtv.com\/?p=71555"},"modified":"2025-12-02T16:15:56","modified_gmt":"2025-12-02T13:15:56","slug":"buyuksehir-itfaiyesinden-baca-yanginlarina-karsi-uyari","status":"publish","type":"post","link":"https:\/\/www.egemtv.com\/?p=71555","title":{"rendered":"B\u00fcy\u00fck\u015fehir \u0130tfaiyesi\u2019nden baca yang\u0131nlar\u0131na kar\u015f\u0131 uyar\u0131"},"content":{"rendered":"<p>K\u0131\u015f aylar\u0131n\u0131n ba\u015flamas\u0131yla birlikte soba ve kalorifer kullan\u0131m\u0131n\u0131n artt\u0131\u011f\u0131 bu d\u00f6nemde Mu\u011fla B\u00fcy\u00fck\u015fehir Belediyesi \u0130tfaiyesi, vatanda\u015flar\u0131 baca bak\u0131m\u0131 konusunda uyararak d\u00fczenli kontrol ve temizli\u011fin hayati \u00f6nem ta\u015f\u0131d\u0131\u011f\u0131n\u0131 vurgulad\u0131.<br \/>\n<br \/>Hasarl\u0131 bacalar b\u00fcy\u00fck risk ta\u015f\u0131yor<br \/>\n<br \/>Mu\u011fla B\u00fcy\u00fck\u015fehir Belediyesi \u0130tfaiyesi\u2019nden yap\u0131lan a\u00e7\u0131klamada, &#8220;Eski yap\u0131lar\u0131n bulundu\u011fu b\u00f6lgelerde \u00e7atlak, k\u0131r\u0131k veya gev\u015femi\u015f bacalar\u0131n ciddi tehlike olu\u015fturdu\u011fu vurgulanarak, vatanda\u015flar\u0131n bacalar\u0131nda herhangi bir hasar fark etmeleri halinde mutlaka uzman bir ustadan destek al\u0131nmal\u0131. Kalitesiz k\u00f6m\u00fcr, \u0131slak odun veya yan\u0131c\u0131 at\u0131klar\u0131n yak\u0131t olarak kullan\u0131lmas\u0131n\u0131n bacalarda kurum birikimini \u00c7ift\u00e7i: &#8220;Bacalar\u0131n\u0131zda sorun \u00e7\u0131kt\u0131\u011f\u0131nda 112\u2019yi aray\u0131n&#8221;<br \/>\n<br \/>Mu\u011fla B\u00fcy\u00fck\u015fehir Belediyesi \u0130tfaiye Dairesi Ba\u015fkanl\u0131\u011f\u0131 \u00d6nleme \u015eube M\u00fcd\u00fcr\u00fc Vekili Mustafa \u00c7ift\u00e7i, &#8220;Baca i\u00e7erisinde olu\u015fan ya\u011f at\u0131klar\u0131, ziftler ve kurumla\u015fmalar gerek sobalar\u0131n gerekse ticari i\u015fletmelerin ocaklar\u0131n\u0131n alevli bir \u015fekilde yak\u0131lmas\u0131yla tutu\u015farak alev almakta ve baca yang\u0131nlar\u0131 meydana gelmektedir. \u0130hmal edilen bu tabakalar, baca i\u00e7erisinde bir petrol \u00fcr\u00fcn\u00fc gibi tehlike olu\u015fturmaktad\u0131r. Baca yang\u0131nlar\u0131n\u0131n binaya sirayet etmemesi i\u00e7in bacalar\u0131n \u00e7atlak olmamas\u0131, d\u0131\u015f etkenlerden korunmu\u015f ve yeterli yang\u0131n dayan\u0131m\u0131na sahip olmas\u0131 gerekir. Bacan\u0131zda sorun \u00e7\u0131kt\u0131\u011f\u0131nda \u0130tfaiye (112) aranmal\u0131&#8221; dedi.<br \/>\n<br \/>Ba\u015fkan Aras: &#8220;Basit ihmaller b\u00fcy\u00fck felaketlere yol a\u00e7abilir&#8221;<br \/>\n<br \/>K\u0131y\u0131 Ege Belediyeler Birli\u011fi ve Mu\u011fla B\u00fcy\u00fck\u015fehir Belediye Ba\u015fkan\u0131 Ahmet Aras da konuyla ilgili yapt\u0131\u011f\u0131 de\u011ferlendirmede, &#8220;Her y\u0131l \u00fclkemizin farkl\u0131 b\u00f6lgelerinde ihmaller nedeniyle \u00e7\u0131kan baca yang\u0131nlar\u0131 maalesef ciddi can ve mal kay\u0131plar\u0131na yol a\u00e7\u0131yor. \u00d6zellikle k\u0131\u015f aylar\u0131nda artan soba ve kalorifer kullan\u0131m\u0131, bacalar\u0131n daha fazla y\u00fck alt\u0131nda kalmas\u0131na neden oluyor. Bu y\u00fczden d\u00fczenli bak\u0131m, temizlenme ve kontrol\u00fcn yap\u0131lmas\u0131 hayati \u00f6nem ta\u015f\u0131yor. Vatanda\u015flar\u0131m\u0131zdan ricam\u0131z, evlerinde ve i\u015f yerlerinde en k\u00fc\u00e7\u00fck bir belirtide vakit kaybetmeden uzman deste\u011fi almalar\u0131 ve muhtemel bir acil durumda 112\u2019yi aramalar\u0131d\u0131r. \u00d6nlemler k\u00fc\u00e7\u00fck, sonu\u00e7lar b\u00fcy\u00fck olabilir&#8221; ifadelerini kulland\u0131.<br \/><\/p>\n","protected":false},"excerpt":{"rendered":"<p>K\u0131\u015f aylar\u0131n\u0131n ba\u015flamas\u0131yla birlikte soba ve kalorifer kullan\u0131m\u0131n\u0131n artt\u0131\u011f\u0131 bu d\u00f6nemde Mu\u011fla B\u00fcy\u00fck\u015fehir Belediyesi \u0130tfaiyesi, vatanda\u015flar\u0131 baca bak\u0131m\u0131 konusunda uyararak d\u00fczenli kontrol ve temizli\u011fin hayati \u00f6nem ta\u015f\u0131d\u0131\u011f\u0131n\u0131 vurgulad\u0131. Hasarl\u0131 bacalar b\u00fcy\u00fck risk ta\u015f\u0131yor Mu\u011fla B\u00fcy\u00fck\u015fehir Belediyesi \u0130tfaiyesi\u2019nden yap\u0131lan a\u00e7\u0131klamada, &#8220;Eski yap\u0131lar\u0131n bulundu\u011fu b\u00f6lgelerde \u00e7atlak, k\u0131r\u0131k veya gev\u015femi\u015f bacalar\u0131n ciddi tehlike olu\u015fturdu\u011fu vurgulanarak, vatanda\u015flar\u0131n bacalar\u0131nda herhangi&#8230;<\/p>\n","protected":false},"author":1,"featured_media":71556,"comment_status":"open","ping_status":"open","sticky":false,"template":"","format":"standard","meta":{"_crdt_document":"","footnotes":""},"categories":[5],"tags":[],"class_list":["post-71555","post","type-post","status-publish","format-standard","has-post-thumbnail","hentry","category-asayis"],"_links":{"self":[{"href":"https:\/\/www.egemtv.com\/index.php?rest_route=\/wp\/v2\/posts\/71555","targetHints":{"allow":["GET"]}}],"collection":[{"href":"https:\/\/www.egemtv.com\/index.php?rest_route=\/wp\/v2\/posts"}],"about":[{"href":"https:\/\/www.egemtv.com\/index.php?rest_route=\/wp\/v2\/types\/post"}],"author":[{"embeddable":true,"href":"https:\/\/www.egemtv.com\/index.php?rest_route=\/wp\/v2\/users\/1"}],"replies":[{"embeddable":true,"href":"https:\/\/www.egemtv.com\/index.php?rest_route=%2Fwp%2Fv2%2Fcomments&post=71555"}],"version-history":[{"count":1,"href":"https:\/\/www.egemtv.com\/index.php?rest_route=\/wp\/v2\/posts\/71555\/revisions"}],"predecessor-version":[{"id":71557,"href":"https:\/\/www.egemtv.com\/index.php?rest_route=\/wp\/v2\/posts\/71555\/revisions\/71557"}],"wp:featuredmedia":[{"embeddable":true,"href":"https:\/\/www.egemtv.com\/index.php?rest_route=\/wp\/v2\/media\/71556"}],"wp:attachment":[{"href":"https:\/\/www.egemtv.com\/index.php?rest_route=%2Fwp%2Fv2%2Fmedia&parent=71555"}],"wp:term":[{"taxonomy":"category","embeddable":true,"href":"https:\/\/www.egemtv.com\/index.php?rest_route=%2Fwp%2Fv2%2Fcategories&post=71555"},{"taxonomy":"post_tag","embeddable":true,"href":"https:\/\/www.egemtv.com\/index.php?rest_route=%2Fwp%2Fv2%2Ftags&post=71555"}],"curies":[{"name":"wp","href":"https:\/\/api.w.org\/{rel}","templated":true}]}}