{"id":71549,"date":"2025-12-02T15:55:05","date_gmt":"2025-12-02T12:55:05","guid":{"rendered":"https:\/\/www.egemtv.com\/?p=71549"},"modified":"2025-12-02T15:55:06","modified_gmt":"2025-12-02T12:55:06","slug":"sehitlerin-isimleri-dogduklari-evlerin-caddesinde-yasatilacak","status":"publish","type":"post","link":"https:\/\/www.egemtv.com\/?p=71549","title":{"rendered":"\u015eehitlerin isimleri do\u011fduklar\u0131 evlerin caddesinde ya\u015fat\u0131lacak"},"content":{"rendered":"<p>Mente\u015fe Belediyesi Aral\u0131k ay\u0131 meclis toplant\u0131s\u0131nda, \u015fehit Muzaffer Akku\u015f ve \u015fehit Mutlu Kartez\u2019in isimlerinin do\u011fduklar\u0131 Ortak\u00f6y Mahallesi\u2019ndeki sokaklara verilmesi oy birli\u011fiyle kabul edildi.<br \/>\n<br \/>Mente\u015fe Belediye Ba\u015fkan\u0131 Gonca K\u00f6ksal\u2019\u0131n bir konferans i\u00e7in Bodrum\u2019a bulunmas\u0131 nedeniyle Belediye Meclisine Ba\u015fkan Yard\u0131mc\u0131s\u0131 Mehmet Tah\u00e7a Ba\u015fkanl\u0131k etti. Mente\u015fe Belediyesi Aral\u0131k ay\u0131 meclis toplant\u0131s\u0131nda, iki \u015fehidin ad\u0131n\u0131n ya\u015fat\u0131lmas\u0131na y\u00f6nelik haz\u0131rlanan komisyon raporu okunda. \u015eehit Jandarma Er Muzaffer Akku\u015f\u2019un ad\u0131, do\u011fdu\u011fu Ortak\u00f6y Mahallesi\u2019nde di\u011fer K\u00fcme Evleri D\u0131\u015fkap\u0131 No.28 adresi \u00f6n\u00fcnden ge\u00e7en soka\u011fa, \u015fehit Veteriner Er Mutlu Kartez\u2019in ad\u0131 ise do\u011fdu\u011fu di\u011fer K\u00fcme Evleri D\u0131\u015fkap\u0131 No.236 adresi \u00f6n\u00fcnden ge\u00e7en caddeye verildi.<br \/>\n<br \/>\u015eehit Mutlu Kartez 17 Temmuz 2020 tarihinde Girne, K\u0131br\u0131s\u2019ta \u015fehit olmu\u015f, \u015fehit Muzaffer Akku\u015f\u2019un ise 23 A\u011fustos 2009 tarihinde Bitlis Mutki Meydan Jandarma Karakol Komutanl\u0131\u011f\u0131\u2019nda \u015fehit d\u00fc\u015fm\u00fc\u015ft\u00fc.<br \/>\n<br \/>Aile ve Sosyal Hizmetler Bakanl\u0131\u011f\u0131 \u015eehit Yak\u0131nlar\u0131 ve Gazileri Genel M\u00fcd\u00fcrl\u00fc\u011f\u00fc\u2019n\u00fcn uygun g\u00f6r\u00fc\u015f\u00fc do\u011frultusunda al\u0131nan karar, Mente\u015fe Belediye Meclisi\u2019nde oy birli\u011fiyle kabul edildi. Belediye, b\u00f6ylece iki \u015fehidin ad\u0131n\u0131 gelecek nesillere ya\u015fatmay\u0131 ama\u00e7l\u0131yor.<br \/><\/p>\n","protected":false},"excerpt":{"rendered":"<p>Mente\u015fe Belediyesi Aral\u0131k ay\u0131 meclis toplant\u0131s\u0131nda, \u015fehit Muzaffer Akku\u015f ve \u015fehit Mutlu Kartez\u2019in isimlerinin do\u011fduklar\u0131 Ortak\u00f6y Mahallesi\u2019ndeki sokaklara verilmesi oy birli\u011fiyle kabul edildi. Mente\u015fe Belediye Ba\u015fkan\u0131 Gonca K\u00f6ksal\u2019\u0131n bir konferans i\u00e7in Bodrum\u2019a bulunmas\u0131 nedeniyle Belediye Meclisine Ba\u015fkan Yard\u0131mc\u0131s\u0131 Mehmet Tah\u00e7a Ba\u015fkanl\u0131k etti. Mente\u015fe Belediyesi Aral\u0131k ay\u0131 meclis toplant\u0131s\u0131nda, iki \u015fehidin ad\u0131n\u0131n ya\u015fat\u0131lmas\u0131na y\u00f6nelik haz\u0131rlanan komisyon&#8230;<\/p>\n","protected":false},"author":1,"featured_media":71550,"comment_status":"open","ping_status":"open","sticky":false,"template":"","format":"standard","meta":{"_crdt_document":"","footnotes":""},"categories":[123],"tags":[],"class_list":["post-71549","post","type-post","status-publish","format-standard","has-post-thumbnail","hentry","category-gundem"],"_links":{"self":[{"href":"https:\/\/www.egemtv.com\/index.php?rest_route=\/wp\/v2\/posts\/71549","targetHints":{"allow":["GET"]}}],"collection":[{"href":"https:\/\/www.egemtv.com\/index.php?rest_route=\/wp\/v2\/posts"}],"about":[{"href":"https:\/\/www.egemtv.com\/index.php?rest_route=\/wp\/v2\/types\/post"}],"author":[{"embeddable":true,"href":"https:\/\/www.egemtv.com\/index.php?rest_route=\/wp\/v2\/users\/1"}],"replies":[{"embeddable":true,"href":"https:\/\/www.egemtv.com\/index.php?rest_route=%2Fwp%2Fv2%2Fcomments&post=71549"}],"version-history":[{"count":1,"href":"https:\/\/www.egemtv.com\/index.php?rest_route=\/wp\/v2\/posts\/71549\/revisions"}],"predecessor-version":[{"id":71551,"href":"https:\/\/www.egemtv.com\/index.php?rest_route=\/wp\/v2\/posts\/71549\/revisions\/71551"}],"wp:featuredmedia":[{"embeddable":true,"href":"https:\/\/www.egemtv.com\/index.php?rest_route=\/wp\/v2\/media\/71550"}],"wp:attachment":[{"href":"https:\/\/www.egemtv.com\/index.php?rest_route=%2Fwp%2Fv2%2Fmedia&parent=71549"}],"wp:term":[{"taxonomy":"category","embeddable":true,"href":"https:\/\/www.egemtv.com\/index.php?rest_route=%2Fwp%2Fv2%2Fcategories&post=71549"},{"taxonomy":"post_tag","embeddable":true,"href":"https:\/\/www.egemtv.com\/index.php?rest_route=%2Fwp%2Fv2%2Ftags&post=71549"}],"curies":[{"name":"wp","href":"https:\/\/api.w.org\/{rel}","templated":true}]}}