{"id":71546,"date":"2025-12-02T15:55:04","date_gmt":"2025-12-02T12:55:04","guid":{"rendered":"https:\/\/www.egemtv.com\/?p=71546"},"modified":"2025-12-02T15:55:05","modified_gmt":"2025-12-02T12:55:05","slug":"bozdoganlilar-istedi-buyuksehir-calismalari-baslatti","status":"publish","type":"post","link":"https:\/\/www.egemtv.com\/?p=71546","title":{"rendered":"Bozdo\u011fanl\u0131lar istedi B\u00fcy\u00fck\u015fehir \u00e7al\u0131\u015fmalar\u0131 ba\u015flatt\u0131"},"content":{"rendered":"<p>Ayd\u0131n B\u00fcy\u00fck\u015fehir Belediyesi, Bozdo\u011fanl\u0131 vatanda\u015flar\u0131n talepleri sonras\u0131nda yollarda banket temizli\u011fi \u00e7al\u0131\u015fmalar\u0131na ba\u015flad\u0131.<br \/>\n<br \/>Ayd\u0131n B\u00fcy\u00fck\u015fehir Belediye Ba\u015fkan\u0131 \u00d6zlem \u00c7er\u00e7io\u011flu\u2019nun \u00f6nc\u00fcl\u00fc\u011f\u00fcnde, 17 il\u00e7enin tamam\u0131nda, k\u0131rsal mahallelerden kent merkezlerine kadar hayata ge\u00e7irilen yat\u0131r\u0131mlar ve \u00e7al\u0131\u015fmalar devam ediyor. B\u00fcy\u00fck\u015fehir Belediyesi taraf\u0131ndan Bozdo\u011fan il\u00e7esine ba\u011fl\u0131 Olukba\u015f\u0131 Mahallesi ba\u015fta olmak \u00fczere bir\u00e7ok mahalleye ula\u015f\u0131m\u0131 sa\u011flayan yolda banket temizleme \u00e7al\u0131\u015fmas\u0131 ger\u00e7ekle\u015ftiriliyor. Vatanda\u015flardan gelen talepler do\u011frultusunda ba\u015flat\u0131lan \u00e7al\u0131\u015fma kapsam\u0131nda yol kenarlar\u0131nda g\u00f6r\u00fc\u015f\u00fc daraltan ve trafik g\u00fcvenli\u011fini olumsuz etkileyen birikintiler temizleniyor. Ekipler, g\u00fczergah boyunca hem yolun fiziki \u015fartlar\u0131n\u0131 iyile\u015ftiriyor hem de ula\u015f\u0131m konforunu art\u0131racak d\u00fczenlemeleri hayata ge\u00e7iriyor. \u00c7al\u0131\u015fmalar\u0131n tamamlanmas\u0131yla birlikte b\u00f6lgedeki mahalleler aras\u0131ndaki ula\u015f\u0131m\u0131n daha d\u00fczenli, g\u00fcvenli ve kesintisiz hale gelmesi hedefleniyor.<br \/>\n<br \/>Ayd\u0131n B\u00fcy\u00fck\u015fehir Belediyesi taraf\u0131ndan talep ettikleri t\u00fcm \u00e7al\u0131\u015fmalar\u0131n ard\u0131 ard\u0131na hayata ge\u00e7irildi\u011fi belirten Olukba\u015f\u0131 Mahallesi Muhtar\u0131 Ramazan \u00d6ktem, &#8220;Bu \u00e7al\u0131\u015fmay\u0131 B\u00fcy\u00fck\u015fehir Belediyemizden talep ettik, hemen ertesi g\u00fcn\u00fc t\u00fcm ekipleri, personelleri buraya g\u00f6nderdiler. G\u00f6nderene, eme\u011fi ge\u00e7en herkese te\u015fekk\u00fcrlerimi sunuyorum. Kendi mahallemiz, Yenice, Duta\u011fa\u00e7 ve K\u0131z\u0131lca ba\u015fta olmak \u00fczere bir\u00e7ok mahallemiz, binlerce vatanda\u015f\u0131m\u0131z bu yoldan faydalanacak. B\u00fcy\u00fck\u015fehir Belediyemizin ASK\u0130 hizmetleri de mahallemizde s\u00fcr\u00fcyor. Kendim ve mahallelim ad\u0131na \u00d6zlem Ba\u015fkan\u0131m\u0131za te\u015fekk\u00fcr ederim&#8221; ifadelerini kulland\u0131.<br \/><\/p>\n","protected":false},"excerpt":{"rendered":"<p>Ayd\u0131n B\u00fcy\u00fck\u015fehir Belediyesi, Bozdo\u011fanl\u0131 vatanda\u015flar\u0131n talepleri sonras\u0131nda yollarda banket temizli\u011fi \u00e7al\u0131\u015fmalar\u0131na ba\u015flad\u0131. Ayd\u0131n B\u00fcy\u00fck\u015fehir Belediye Ba\u015fkan\u0131 \u00d6zlem \u00c7er\u00e7io\u011flu\u2019nun \u00f6nc\u00fcl\u00fc\u011f\u00fcnde, 17 il\u00e7enin tamam\u0131nda, k\u0131rsal mahallelerden kent merkezlerine kadar hayata ge\u00e7irilen yat\u0131r\u0131mlar ve \u00e7al\u0131\u015fmalar devam ediyor. B\u00fcy\u00fck\u015fehir Belediyesi taraf\u0131ndan Bozdo\u011fan il\u00e7esine ba\u011fl\u0131 Olukba\u015f\u0131 Mahallesi ba\u015fta olmak \u00fczere bir\u00e7ok mahalleye ula\u015f\u0131m\u0131 sa\u011flayan yolda banket temizleme \u00e7al\u0131\u015fmas\u0131 ger\u00e7ekle\u015ftiriliyor. Vatanda\u015flardan&#8230;<\/p>\n","protected":false},"author":1,"featured_media":71547,"comment_status":"open","ping_status":"open","sticky":false,"template":"","format":"standard","meta":{"_crdt_document":"","footnotes":""},"categories":[1],"tags":[],"class_list":["post-71546","post","type-post","status-publish","format-standard","has-post-thumbnail","hentry","category-guncel"],"_links":{"self":[{"href":"https:\/\/www.egemtv.com\/index.php?rest_route=\/wp\/v2\/posts\/71546","targetHints":{"allow":["GET"]}}],"collection":[{"href":"https:\/\/www.egemtv.com\/index.php?rest_route=\/wp\/v2\/posts"}],"about":[{"href":"https:\/\/www.egemtv.com\/index.php?rest_route=\/wp\/v2\/types\/post"}],"author":[{"embeddable":true,"href":"https:\/\/www.egemtv.com\/index.php?rest_route=\/wp\/v2\/users\/1"}],"replies":[{"embeddable":true,"href":"https:\/\/www.egemtv.com\/index.php?rest_route=%2Fwp%2Fv2%2Fcomments&post=71546"}],"version-history":[{"count":1,"href":"https:\/\/www.egemtv.com\/index.php?rest_route=\/wp\/v2\/posts\/71546\/revisions"}],"predecessor-version":[{"id":71548,"href":"https:\/\/www.egemtv.com\/index.php?rest_route=\/wp\/v2\/posts\/71546\/revisions\/71548"}],"wp:featuredmedia":[{"embeddable":true,"href":"https:\/\/www.egemtv.com\/index.php?rest_route=\/wp\/v2\/media\/71547"}],"wp:attachment":[{"href":"https:\/\/www.egemtv.com\/index.php?rest_route=%2Fwp%2Fv2%2Fmedia&parent=71546"}],"wp:term":[{"taxonomy":"category","embeddable":true,"href":"https:\/\/www.egemtv.com\/index.php?rest_route=%2Fwp%2Fv2%2Fcategories&post=71546"},{"taxonomy":"post_tag","embeddable":true,"href":"https:\/\/www.egemtv.com\/index.php?rest_route=%2Fwp%2Fv2%2Ftags&post=71546"}],"curies":[{"name":"wp","href":"https:\/\/api.w.org\/{rel}","templated":true}]}}