{"id":71543,"date":"2025-12-02T15:35:28","date_gmt":"2025-12-02T12:35:28","guid":{"rendered":"https:\/\/www.egemtv.com\/?p=71543"},"modified":"2025-12-02T15:35:29","modified_gmt":"2025-12-02T12:35:29","slug":"otizmli-cocugun-asker-olma-hayali-gercek-oldu","status":"publish","type":"post","link":"https:\/\/www.egemtv.com\/?p=71543","title":{"rendered":"Otizmli \u00e7ocu\u011fun asker olma hayali ger\u00e7ek oldu"},"content":{"rendered":"<p>Afyonkarahisar\u2019\u0131n \u015euhut il\u00e7esinde 13 ya\u015f\u0131ndaki otizmli \u00e7ocu\u011fun asker olma hayali ger\u00e7ek oldu.<br \/>\n<br \/>\u015euhut\u2019a ba\u011fl\u0131 Demirbel K\u00f6y\u00fc\u2019nde ya\u015fayan 16 ya\u015f\u0131ndaki otizmli Cafer \u00c7elik\u2019in asker olma hayali 3 Aral\u0131k D\u00fcnya Engelliler G\u00fcn\u00fc \u00f6ncesi ger\u00e7ekle\u015ftirildi. Daha \u00f6nce kat\u0131ld\u0131\u011f\u0131 bir programda Cafer\u2019in asker olma iste\u011fini \u00f6\u011frenen Belediye Ba\u015fkan\u0131 Muhittin \u00d6za\u015fk\u0131n\u2019\u0131n talimat\u0131yla asker k\u0131yafetleri temin edilip Cafer\u2019in evine gidildi. Asker k\u0131yafetlerini g\u00f6ren \u00c7elik s\u00fcrpriz ziyaretle sevin\u00e7ten havalara u\u00e7arak haz\u0131rola ge\u00e7ip asker selam\u0131 verdi. Ard\u0131ndan Celik babas\u0131 \u015e\u00fckr\u00fc \u00c7elik ile \u0130l\u00e7e Jandarma Komutanl\u0131\u011f\u0131\u2019na gitti. \u0130l\u00e7e jandarma Komutan\u0131 Te\u011fmen Mehmet \u00d6zcan taraf\u0131ndan kar\u015f\u0131lanan Cafer, askerlerle \u0130stiklal Mar\u015f\u0131\u2019n\u0131 okudu ard\u0131ndan da askeri araca binerek devriye g\u00f6revine kat\u0131ld\u0131. Asker olma hayali ger\u00e7ek olan 13 ya\u015f\u0131ndaki otizmli \u00e7ocu\u011fun babas\u0131 jandarma ekiplerine te\u015fekk\u00fcr etti.<br \/><\/p>\n","protected":false},"excerpt":{"rendered":"<p>Afyonkarahisar\u2019\u0131n \u015euhut il\u00e7esinde 13 ya\u015f\u0131ndaki otizmli \u00e7ocu\u011fun asker olma hayali ger\u00e7ek oldu. \u015euhut\u2019a ba\u011fl\u0131 Demirbel K\u00f6y\u00fc\u2019nde ya\u015fayan 16 ya\u015f\u0131ndaki otizmli Cafer \u00c7elik\u2019in asker olma hayali 3 Aral\u0131k D\u00fcnya Engelliler G\u00fcn\u00fc \u00f6ncesi ger\u00e7ekle\u015ftirildi. Daha \u00f6nce kat\u0131ld\u0131\u011f\u0131 bir programda Cafer\u2019in asker olma iste\u011fini \u00f6\u011frenen Belediye Ba\u015fkan\u0131 Muhittin \u00d6za\u015fk\u0131n\u2019\u0131n talimat\u0131yla asker k\u0131yafetleri temin edilip Cafer\u2019in evine gidildi. Asker&#8230;<\/p>\n","protected":false},"author":1,"featured_media":71544,"comment_status":"open","ping_status":"open","sticky":false,"template":"","format":"standard","meta":{"_crdt_document":"","footnotes":""},"categories":[123],"tags":[],"class_list":["post-71543","post","type-post","status-publish","format-standard","has-post-thumbnail","hentry","category-gundem"],"_links":{"self":[{"href":"https:\/\/www.egemtv.com\/index.php?rest_route=\/wp\/v2\/posts\/71543","targetHints":{"allow":["GET"]}}],"collection":[{"href":"https:\/\/www.egemtv.com\/index.php?rest_route=\/wp\/v2\/posts"}],"about":[{"href":"https:\/\/www.egemtv.com\/index.php?rest_route=\/wp\/v2\/types\/post"}],"author":[{"embeddable":true,"href":"https:\/\/www.egemtv.com\/index.php?rest_route=\/wp\/v2\/users\/1"}],"replies":[{"embeddable":true,"href":"https:\/\/www.egemtv.com\/index.php?rest_route=%2Fwp%2Fv2%2Fcomments&post=71543"}],"version-history":[{"count":1,"href":"https:\/\/www.egemtv.com\/index.php?rest_route=\/wp\/v2\/posts\/71543\/revisions"}],"predecessor-version":[{"id":71545,"href":"https:\/\/www.egemtv.com\/index.php?rest_route=\/wp\/v2\/posts\/71543\/revisions\/71545"}],"wp:featuredmedia":[{"embeddable":true,"href":"https:\/\/www.egemtv.com\/index.php?rest_route=\/wp\/v2\/media\/71544"}],"wp:attachment":[{"href":"https:\/\/www.egemtv.com\/index.php?rest_route=%2Fwp%2Fv2%2Fmedia&parent=71543"}],"wp:term":[{"taxonomy":"category","embeddable":true,"href":"https:\/\/www.egemtv.com\/index.php?rest_route=%2Fwp%2Fv2%2Fcategories&post=71543"},{"taxonomy":"post_tag","embeddable":true,"href":"https:\/\/www.egemtv.com\/index.php?rest_route=%2Fwp%2Fv2%2Ftags&post=71543"}],"curies":[{"name":"wp","href":"https:\/\/api.w.org\/{rel}","templated":true}]}}