{"id":71540,"date":"2025-12-02T15:35:27","date_gmt":"2025-12-02T12:35:27","guid":{"rendered":"https:\/\/www.egemtv.com\/?p=71540"},"modified":"2025-12-02T15:35:28","modified_gmt":"2025-12-02T12:35:28","slug":"kaymakam-ali-sirmali-bodrumun-sorunlarini-muhtarlardan-dinledi","status":"publish","type":"post","link":"https:\/\/www.egemtv.com\/?p=71540","title":{"rendered":"Kaymakam Ali S\u0131rmal\u0131 Bodrum\u2019un sorunlar\u0131n\u0131 muhtarlardan dinledi"},"content":{"rendered":"<p>Bodrum Kaymakam\u0131 Ali S\u0131rmal\u0131 taraf\u0131ndan d\u00fczenlenen muhtarlar toplant\u0131s\u0131nda il\u00e7enin 56 mahallesinden gelen temsilciler, altyap\u0131dan susuzlu\u011fa, asayi\u015ften hizmet binalar\u0131na kadar biriken t\u00fcm sorunlar\u0131 ilgili kurum y\u00f6neticilerine do\u011frudan iletti. Herodot K\u00fclt\u00fcr Merkezi\u2019nde yap\u0131lan toplant\u0131, il\u00e7e genelindeki sorunlar\u0131n \u00e7\u00f6z\u00fcm\u00fc i\u00e7in en kapsaml\u0131 bulu\u015fmalardan biri olarak dikkat \u00e7ekti.<\/p>\n<p>Toplant\u0131ya belediye ba\u015fkan yard\u0131mc\u0131lar\u0131 ve meclis \u00fcyeleri, il\u00e7e emniyet m\u00fcd\u00fcr\u00fc, jandarma komutan\u0131, sahil g\u00fcvenlik komutan\u0131, kurum amirleri, MUSK\u0130, \u0130leti\u015fim firmas\u0131, ADM Elektrik ile Bodrum\u2019daki t\u00fcm mahalle muhtarlar\u0131 kat\u0131ld\u0131. Yakla\u015f\u0131k 40 muhtar s\u00f6z alarak mahallelerindeki eksikleri ayr\u0131nt\u0131l\u0131 \u015fekilde aktard\u0131.<\/p>\n<p>Muhtarlar \u00f6zellikle altyap\u0131daki yetersizlikler, ya\u015fanan susuzluk, yollar\u0131n durumu, kurumlarla ileti\u015fim aksakl\u0131klar\u0131 ve mahallelere ula\u015fmayan hizmetlerden duyduklar\u0131 rahats\u0131zl\u0131\u011f\u0131 dile getirdi.<\/p>\n<p>Kaymakam S\u0131rmal\u0131: &#8220;Sorunlar h\u0131zla \u00e7\u00f6z\u00fclecek&#8221;<br \/>\n<br \/>Muhtarlar\u0131n taleplerini tek tek not alan Kaymakam Ali S\u0131rmal\u0131, ilgili birim m\u00fcd\u00fcrlerine an\u0131nda talimat vererek \u00e7\u00f6z\u00fcm s\u00fcre\u00e7lerinin h\u0131zland\u0131r\u0131laca\u011f\u0131n\u0131 s\u00f6yledi. S\u0131rmal\u0131 ayr\u0131ca, Bodrum\u2019a kazand\u0131r\u0131lmas\u0131 planlanan yeni hizmet binalar\u0131yla ilgili muhtarlara bilgi verdi.<\/p>\n<p>G\u00f6\u00e7men ka\u00e7ak\u00e7\u0131l\u0131\u011f\u0131na dikkat<br \/>\n<br \/>Bodrum \u0130l\u00e7e Emniyet M\u00fcd\u00fcr\u00fc Mehmet Darendeli, muhtarlara asayi\u015f konusunda \u00f6zellikle g\u00f6\u00e7men ka\u00e7ak\u00e7\u0131l\u0131\u011f\u0131na kar\u015f\u0131 dikkatli olmalar\u0131 \u00e7a\u011fr\u0131s\u0131nda bulundu. Darendeli, mahallelerde \u015f\u00fcpheli g\u00f6r\u00fclen her durumun vakit kaybetmeden emniyete bildirilmesini istedi.<\/p>\n<p>Toplant\u0131n\u0131n sonunda Kaymakaml\u0131k, muhtarlardan gelen sorunlar\u0131n takip edilece\u011fini ve benzer de\u011ferlendirme toplant\u0131lar\u0131n\u0131n d\u00fczenli olarak s\u00fcrd\u00fcr\u00fclece\u011fini a\u00e7\u0131klad\u0131.<br \/><\/p>\n","protected":false},"excerpt":{"rendered":"<p>Bodrum Kaymakam\u0131 Ali S\u0131rmal\u0131 taraf\u0131ndan d\u00fczenlenen muhtarlar toplant\u0131s\u0131nda il\u00e7enin 56 mahallesinden gelen temsilciler, altyap\u0131dan susuzlu\u011fa, asayi\u015ften hizmet binalar\u0131na kadar biriken t\u00fcm sorunlar\u0131 ilgili kurum y\u00f6neticilerine do\u011frudan iletti. Herodot K\u00fclt\u00fcr Merkezi\u2019nde yap\u0131lan toplant\u0131, il\u00e7e genelindeki sorunlar\u0131n \u00e7\u00f6z\u00fcm\u00fc i\u00e7in en kapsaml\u0131 bulu\u015fmalardan biri olarak dikkat \u00e7ekti. Toplant\u0131ya belediye ba\u015fkan yard\u0131mc\u0131lar\u0131 ve meclis \u00fcyeleri, il\u00e7e emniyet m\u00fcd\u00fcr\u00fc, jandarma&#8230;<\/p>\n","protected":false},"author":1,"featured_media":71541,"comment_status":"open","ping_status":"open","sticky":false,"template":"","format":"standard","meta":{"_crdt_document":"","footnotes":""},"categories":[1],"tags":[],"class_list":["post-71540","post","type-post","status-publish","format-standard","has-post-thumbnail","hentry","category-guncel"],"_links":{"self":[{"href":"https:\/\/www.egemtv.com\/index.php?rest_route=\/wp\/v2\/posts\/71540","targetHints":{"allow":["GET"]}}],"collection":[{"href":"https:\/\/www.egemtv.com\/index.php?rest_route=\/wp\/v2\/posts"}],"about":[{"href":"https:\/\/www.egemtv.com\/index.php?rest_route=\/wp\/v2\/types\/post"}],"author":[{"embeddable":true,"href":"https:\/\/www.egemtv.com\/index.php?rest_route=\/wp\/v2\/users\/1"}],"replies":[{"embeddable":true,"href":"https:\/\/www.egemtv.com\/index.php?rest_route=%2Fwp%2Fv2%2Fcomments&post=71540"}],"version-history":[{"count":1,"href":"https:\/\/www.egemtv.com\/index.php?rest_route=\/wp\/v2\/posts\/71540\/revisions"}],"predecessor-version":[{"id":71542,"href":"https:\/\/www.egemtv.com\/index.php?rest_route=\/wp\/v2\/posts\/71540\/revisions\/71542"}],"wp:featuredmedia":[{"embeddable":true,"href":"https:\/\/www.egemtv.com\/index.php?rest_route=\/wp\/v2\/media\/71541"}],"wp:attachment":[{"href":"https:\/\/www.egemtv.com\/index.php?rest_route=%2Fwp%2Fv2%2Fmedia&parent=71540"}],"wp:term":[{"taxonomy":"category","embeddable":true,"href":"https:\/\/www.egemtv.com\/index.php?rest_route=%2Fwp%2Fv2%2Fcategories&post=71540"},{"taxonomy":"post_tag","embeddable":true,"href":"https:\/\/www.egemtv.com\/index.php?rest_route=%2Fwp%2Fv2%2Ftags&post=71540"}],"curies":[{"name":"wp","href":"https:\/\/api.w.org\/{rel}","templated":true}]}}