{"id":71537,"date":"2025-12-02T15:16:59","date_gmt":"2025-12-02T12:16:59","guid":{"rendered":"https:\/\/www.egemtv.com\/?p=71537"},"modified":"2025-12-02T15:17:00","modified_gmt":"2025-12-02T12:17:00","slug":"buyuksehirden-nazilliye-5-6-milyon-tllik-altyapi-yatirimi","status":"publish","type":"post","link":"https:\/\/www.egemtv.com\/?p=71537","title":{"rendered":"B\u00fcy\u00fck\u015fehir\u2019den Nazilli\u2019ye 5.6 milyon TL\u2019lik altyap\u0131 yat\u0131r\u0131m\u0131"},"content":{"rendered":"<p>Ayd\u0131n\u2019\u0131n Nazilli il\u00e7esi Be\u011ferli Mahallesi\u2019nde y\u00fcr\u00fct\u00fclen 5.6 milyon TL\u2019lik altyap\u0131 \u00e7al\u0131\u015fmalar\u0131 aral\u0131ks\u0131z s\u00fcr\u00fcyor.<\/p>\n<p>Ayd\u0131n B\u00fcy\u00fck\u015fehir Belediyesi Su ve Kanalizasyon \u0130daresi Genel M\u00fcd\u00fcrl\u00fc\u011f\u00fc taraf\u0131ndan Ayd\u0131n B\u00fcy\u00fck\u015fehir Belediye Ba\u015fkan\u0131 \u00d6zlem \u00c7er\u00e7io\u011flu\u2019nun \u00f6nc\u00fcl\u00fc\u011f\u00fcnde kentin d\u00f6rt bir yan\u0131nda hayata ge\u00e7irilen \u00e7al\u0131\u015fmalar devam ediyor. ASK\u0130 taraf\u0131ndan Nazilli il\u00e7esi Be\u011ferli Mahallesi\u2019nde ba\u015flat\u0131lan \u00e7al\u0131\u015fmalar s\u00fcr\u00fcyor. 4 bin 50 metre uzunlu\u011funda i\u00e7me suyu terfi hatt\u0131 yenileme i\u015fini kapsayan, 5 milyon 600 bin T\u00fcrk Liras\u0131 maliyetli \u00e7al\u0131\u015fma k\u0131sa s\u00fcre i\u00e7erisinde tamamlanarak Nazilli\u2019ye kazand\u0131r\u0131lacak.<\/p>\n<p>Ayd\u0131n B\u00fcy\u00fck\u015fehir Belediyesi ve ASK\u0130 taraf\u0131ndan mahallelerinde ger\u00e7ekle\u015ftirilen \u00e7al\u0131\u015fmalardan memnun olduklar\u0131n\u0131 belirten Be\u011ferli Mahalle Muhtar\u0131 Celalettin \u015eanl\u0131, &#8220;\u0130\u00e7me suyu hatt\u0131m\u0131z yenileniyor. Mevcut hatt\u0131m\u0131z\u0131n yenilemesi yap\u0131l\u0131yor. Onlarca hanemize hizmet verecek bir \u00e7al\u0131\u015fma. B\u00fcy\u00fck\u015fehir Belediyemizden talep etmi\u015ftik, \u00e7al\u0131\u015fmalar h\u0131zla ba\u015flad\u0131. B\u00fcy\u00fck\u015fehir Belediyemize tek bir mesajla ula\u015fabiliyoruz, mahallemizin t\u00fcm ihtiya\u00e7lar\u0131 gideriliyor. \u00d6zlem Ba\u015fkan\u0131m\u0131z\u0131n hizmetlerinden \u00e7ok memnunuz, Allah raz\u0131 olsun&#8221; dedi.<\/p>\n<p>&#8220;17 il\u00e7emizin tamam\u0131nda \u00e7al\u0131\u015fmalar\u0131m\u0131z devam edecek&#8221;<br \/>\n<br \/>Ayd\u0131n\u2019\u0131n t\u00fcm il\u00e7elerinde alt ve \u00fcstyap\u0131 yat\u0131r\u0131mlar\u0131n\u0131n s\u00fcrece\u011fini belirten Ayd\u0131n B\u00fcy\u00fck\u015fehir Belediye Ba\u015fkan\u0131 \u00d6zlem \u00c7er\u00e7io\u011flu, &#8220;Ayd\u0131n\u0131m\u0131z\u0131n t\u00fcm il\u00e7elerinde hayata ge\u00e7irdi\u011fimiz \u00e7al\u0131\u015fmalar\u0131m\u0131za h\u0131z kesmeden devam ediyor, alt ve \u00fcstyap\u0131 yat\u0131r\u0131mlar\u0131m\u0131z\u0131 hem\u015fehrilerimizin hizmetine sunuyoruz. 17 il\u00e7emizin tamam\u0131nda \u00e7al\u0131\u015fmalar\u0131m\u0131z\u0131 s\u00fcrd\u00fcrece\u011fiz&#8221; ifadelerini kulland\u0131.<br \/><\/p>\n","protected":false},"excerpt":{"rendered":"<p>Ayd\u0131n\u2019\u0131n Nazilli il\u00e7esi Be\u011ferli Mahallesi\u2019nde y\u00fcr\u00fct\u00fclen 5.6 milyon TL\u2019lik altyap\u0131 \u00e7al\u0131\u015fmalar\u0131 aral\u0131ks\u0131z s\u00fcr\u00fcyor. Ayd\u0131n B\u00fcy\u00fck\u015fehir Belediyesi Su ve Kanalizasyon \u0130daresi Genel M\u00fcd\u00fcrl\u00fc\u011f\u00fc taraf\u0131ndan Ayd\u0131n B\u00fcy\u00fck\u015fehir Belediye Ba\u015fkan\u0131 \u00d6zlem \u00c7er\u00e7io\u011flu\u2019nun \u00f6nc\u00fcl\u00fc\u011f\u00fcnde kentin d\u00f6rt bir yan\u0131nda hayata ge\u00e7irilen \u00e7al\u0131\u015fmalar devam ediyor. ASK\u0130 taraf\u0131ndan Nazilli il\u00e7esi Be\u011ferli Mahallesi\u2019nde ba\u015flat\u0131lan \u00e7al\u0131\u015fmalar s\u00fcr\u00fcyor. 4 bin 50 metre uzunlu\u011funda i\u00e7me suyu&#8230;<\/p>\n","protected":false},"author":1,"featured_media":71538,"comment_status":"open","ping_status":"open","sticky":false,"template":"","format":"standard","meta":{"_crdt_document":"","footnotes":""},"categories":[1],"tags":[],"class_list":["post-71537","post","type-post","status-publish","format-standard","has-post-thumbnail","hentry","category-guncel"],"_links":{"self":[{"href":"https:\/\/www.egemtv.com\/index.php?rest_route=\/wp\/v2\/posts\/71537","targetHints":{"allow":["GET"]}}],"collection":[{"href":"https:\/\/www.egemtv.com\/index.php?rest_route=\/wp\/v2\/posts"}],"about":[{"href":"https:\/\/www.egemtv.com\/index.php?rest_route=\/wp\/v2\/types\/post"}],"author":[{"embeddable":true,"href":"https:\/\/www.egemtv.com\/index.php?rest_route=\/wp\/v2\/users\/1"}],"replies":[{"embeddable":true,"href":"https:\/\/www.egemtv.com\/index.php?rest_route=%2Fwp%2Fv2%2Fcomments&post=71537"}],"version-history":[{"count":1,"href":"https:\/\/www.egemtv.com\/index.php?rest_route=\/wp\/v2\/posts\/71537\/revisions"}],"predecessor-version":[{"id":71539,"href":"https:\/\/www.egemtv.com\/index.php?rest_route=\/wp\/v2\/posts\/71537\/revisions\/71539"}],"wp:featuredmedia":[{"embeddable":true,"href":"https:\/\/www.egemtv.com\/index.php?rest_route=\/wp\/v2\/media\/71538"}],"wp:attachment":[{"href":"https:\/\/www.egemtv.com\/index.php?rest_route=%2Fwp%2Fv2%2Fmedia&parent=71537"}],"wp:term":[{"taxonomy":"category","embeddable":true,"href":"https:\/\/www.egemtv.com\/index.php?rest_route=%2Fwp%2Fv2%2Fcategories&post=71537"},{"taxonomy":"post_tag","embeddable":true,"href":"https:\/\/www.egemtv.com\/index.php?rest_route=%2Fwp%2Fv2%2Ftags&post=71537"}],"curies":[{"name":"wp","href":"https:\/\/api.w.org\/{rel}","templated":true}]}}