{"id":71534,"date":"2025-12-02T14:54:53","date_gmt":"2025-12-02T11:54:53","guid":{"rendered":"https:\/\/www.egemtv.com\/?p=71534"},"modified":"2025-12-02T14:54:54","modified_gmt":"2025-12-02T11:54:54","slug":"anaokuku-ogrencilerine-yonelik-saglik-taramasi","status":"publish","type":"post","link":"https:\/\/www.egemtv.com\/?p=71534","title":{"rendered":"Anaokuku \u00f6\u011frencilerine y\u00f6nelik sa\u011fl\u0131k taramas\u0131"},"content":{"rendered":"<p>Afyonkarahisar\u2019da 15 Temmuz \u015eehitler Anaokulunda \u00f6\u011frenim g\u00f6ren miniklere y\u00f6nelik sa\u011fl\u0131k taramas\u0131 ger\u00e7ekle\u015ftirildi.<br \/>\n<br \/>Taramay\u0131 ger\u00e7ekle\u015ftiren AFS\u00dc ekibinde, T\u0131p Fak\u00fcltesi \u00c7ocuk Sa\u011fl\u0131\u011f\u0131 ve Hastal\u0131klar\u0131 Ana Bilim Dal\u0131ndan Prof. Dr. Ahmet Af\u015fin Kundak ve Do\u00e7. Dr. Ay\u015fe Tolunay Oflu, \u0130nt. Dr. Rida Nur \u00d6zaslan ve \u0130nt. Dr. Ay\u015fe Rabia Aydo\u011fan ile Di\u015f Hekimli\u011fi Fak\u00fcltesi Pedodonti Ana Bilim Dal\u0131ndan Dt. Huriye \u0130\u015f\u00e7i Ulu\u0131\u015f\u0131k yer ald\u0131.<br \/>\n<br \/>15 Temmuz \u015eehitler Anaokulu M\u00fcd\u00fcr\u00fc H\u00fclya Teke, ailelere \u00e7ocuklar\u0131n\u0131n sa\u011fl\u0131\u011f\u0131 konusunda bilgilendirmeyi de i\u00e7eren tarama program\u0131n\u0131n, \u00f6\u011frenciler ve e\u011fitimcilerin yan\u0131 s\u0131ra veliler taraf\u0131ndan da be\u011feniyle kar\u015f\u0131land\u0131\u011f\u0131n\u0131 belirterek \u00f6\u011fretmenler ve okul \u00e7al\u0131\u015fanlar\u0131 ad\u0131na AFS\u00dc ekibine te\u015fekk\u00fcr etti.<br \/><\/p>\n","protected":false},"excerpt":{"rendered":"<p>Afyonkarahisar\u2019da 15 Temmuz \u015eehitler Anaokulunda \u00f6\u011frenim g\u00f6ren miniklere y\u00f6nelik sa\u011fl\u0131k taramas\u0131 ger\u00e7ekle\u015ftirildi. Taramay\u0131 ger\u00e7ekle\u015ftiren AFS\u00dc ekibinde, T\u0131p Fak\u00fcltesi \u00c7ocuk Sa\u011fl\u0131\u011f\u0131 ve Hastal\u0131klar\u0131 Ana Bilim Dal\u0131ndan Prof. Dr. Ahmet Af\u015fin Kundak ve Do\u00e7. Dr. Ay\u015fe Tolunay Oflu, \u0130nt. Dr. Rida Nur \u00d6zaslan ve \u0130nt. Dr. Ay\u015fe Rabia Aydo\u011fan ile Di\u015f Hekimli\u011fi Fak\u00fcltesi Pedodonti Ana Bilim Dal\u0131ndan&#8230;<\/p>\n","protected":false},"author":1,"featured_media":71535,"comment_status":"open","ping_status":"open","sticky":false,"template":"","format":"standard","meta":{"_crdt_document":"","footnotes":""},"categories":[2],"tags":[],"class_list":["post-71534","post","type-post","status-publish","format-standard","has-post-thumbnail","hentry","category-saglik"],"_links":{"self":[{"href":"https:\/\/www.egemtv.com\/index.php?rest_route=\/wp\/v2\/posts\/71534","targetHints":{"allow":["GET"]}}],"collection":[{"href":"https:\/\/www.egemtv.com\/index.php?rest_route=\/wp\/v2\/posts"}],"about":[{"href":"https:\/\/www.egemtv.com\/index.php?rest_route=\/wp\/v2\/types\/post"}],"author":[{"embeddable":true,"href":"https:\/\/www.egemtv.com\/index.php?rest_route=\/wp\/v2\/users\/1"}],"replies":[{"embeddable":true,"href":"https:\/\/www.egemtv.com\/index.php?rest_route=%2Fwp%2Fv2%2Fcomments&post=71534"}],"version-history":[{"count":1,"href":"https:\/\/www.egemtv.com\/index.php?rest_route=\/wp\/v2\/posts\/71534\/revisions"}],"predecessor-version":[{"id":71536,"href":"https:\/\/www.egemtv.com\/index.php?rest_route=\/wp\/v2\/posts\/71534\/revisions\/71536"}],"wp:featuredmedia":[{"embeddable":true,"href":"https:\/\/www.egemtv.com\/index.php?rest_route=\/wp\/v2\/media\/71535"}],"wp:attachment":[{"href":"https:\/\/www.egemtv.com\/index.php?rest_route=%2Fwp%2Fv2%2Fmedia&parent=71534"}],"wp:term":[{"taxonomy":"category","embeddable":true,"href":"https:\/\/www.egemtv.com\/index.php?rest_route=%2Fwp%2Fv2%2Fcategories&post=71534"},{"taxonomy":"post_tag","embeddable":true,"href":"https:\/\/www.egemtv.com\/index.php?rest_route=%2Fwp%2Fv2%2Ftags&post=71534"}],"curies":[{"name":"wp","href":"https:\/\/api.w.org\/{rel}","templated":true}]}}