{"id":71531,"date":"2025-12-02T14:35:05","date_gmt":"2025-12-02T11:35:05","guid":{"rendered":"https:\/\/www.egemtv.com\/?p=71531"},"modified":"2025-12-02T14:35:06","modified_gmt":"2025-12-02T11:35:06","slug":"baskan-durbay-gozlem-amaciyla-yogun-bakima-alindi","status":"publish","type":"post","link":"https:\/\/www.egemtv.com\/?p=71531","title":{"rendered":"Ba\u015fkan Durbay g\u00f6zlem amac\u0131yla yo\u011fun bak\u0131ma al\u0131nd\u0131"},"content":{"rendered":"<p>Manisa\u2019n\u0131n \u015eehzadeler Belediye Ba\u015fkan\u0131 G\u00fcl\u015fah Durbay, kanser hastal\u0131\u011f\u0131 sebebiyle rutin olarak geldi\u011fi Manisa \u015eehir Hastanesinde g\u00f6zlem amac\u0131yla yo\u011fun bak\u0131ma al\u0131nd\u0131. Konuyla ilgili resmi a\u00e7\u0131klama yapan \u015eehzadeler Belediyesi taraf\u0131ndan &#8220;Ba\u015fkan\u0131m\u0131z\u0131n genel durumu iyi olmakla birlikte, tedavisinin ard\u0131ndan daha sa\u011fl\u0131kl\u0131 bir \u015fekilde hastaneden taburcu edilecektir&#8221; denildi.<br \/>\n<br \/>Manisa\u2019n\u0131n \u015eehzadeler Belediye Ba\u015fkan\u0131 G\u00fcl\u015fah Durbay, 1 Aral\u0131k Pazartesi g\u00fcn\u00fc rutin kanser tedavisi olarak geldi\u011fi Manisa \u015eehir Hastanesinde doktorlar\u0131n tavsiyesi \u00fczerine yo\u011fun bak\u0131ma al\u0131nd\u0131. Kan de\u011ferlerindeki d\u00fc\u015f\u00fckl\u00fck nedeniyle yo\u011fun bak\u0131ma al\u0131nan ve durumunun iyi oldu\u011fu \u00f6\u011frenilen Ba\u015fkan Durbay\u2019la ilgili \u015eehzadeler Belediyesi taraf\u0131ndan a\u00e7\u0131klama yap\u0131ld\u0131. \u015eehzadeler Belediyesinden yap\u0131lan a\u00e7\u0131klamada &#8220;Bilindi\u011fi \u00fczere bir s\u00fcredir kanser tedavisi g\u00f6ren Belediye Ba\u015fkan\u0131m\u0131z Say\u0131n G\u00fcl\u015fah Durbay, 1 Aral\u0131k Pazartesi g\u00fcn\u00fc rutin tedavisi i\u00e7in Manisa \u015eehir Hastanesine gitmi\u015f, doktorlar\u0131n uygun g\u00f6rmesiyle de tedavisinin daha iyi s\u00fcrd\u00fcr\u00fclebilmesi i\u00e7in g\u00f6zlem ama\u00e7l\u0131 olarak yo\u011fun bak\u0131m \u00fcnitesine al\u0131nm\u0131\u015ft\u0131r. Ba\u015fkan\u0131m\u0131z\u0131n genel durumu iyi olmakla birlikte, tedavisinin ard\u0131ndan daha sa\u011fl\u0131kl\u0131 bir \u015fekilde hastaneden taburcu edilecektir. Gerekli olmas\u0131 durumunda bilgilendirmelerin taraf\u0131m\u0131zca yap\u0131laca\u011f\u0131n\u0131 belirtiyor; resmi a\u00e7\u0131klama olmadan hi\u00e7bir spek\u00fclasyona itibar edilmemesini \u00f6nemle rica ediyoruz. Ge\u00e7mi\u015f olsun dileklerini payla\u015fan t\u00fcm hem\u015fehrilerimize te\u015fekk\u00fcr ederiz&#8221; denildi.<br \/><\/p>\n","protected":false},"excerpt":{"rendered":"<p>Manisa\u2019n\u0131n \u015eehzadeler Belediye Ba\u015fkan\u0131 G\u00fcl\u015fah Durbay, kanser hastal\u0131\u011f\u0131 sebebiyle rutin olarak geldi\u011fi Manisa \u015eehir Hastanesinde g\u00f6zlem amac\u0131yla yo\u011fun bak\u0131ma al\u0131nd\u0131. Konuyla ilgili resmi a\u00e7\u0131klama yapan \u015eehzadeler Belediyesi taraf\u0131ndan &#8220;Ba\u015fkan\u0131m\u0131z\u0131n genel durumu iyi olmakla birlikte, tedavisinin ard\u0131ndan daha sa\u011fl\u0131kl\u0131 bir \u015fekilde hastaneden taburcu edilecektir&#8221; denildi. Manisa\u2019n\u0131n \u015eehzadeler Belediye Ba\u015fkan\u0131 G\u00fcl\u015fah Durbay, 1 Aral\u0131k Pazartesi g\u00fcn\u00fc rutin&#8230;<\/p>\n","protected":false},"author":1,"featured_media":71532,"comment_status":"open","ping_status":"open","sticky":false,"template":"","format":"standard","meta":{"_crdt_document":"","footnotes":""},"categories":[1],"tags":[],"class_list":["post-71531","post","type-post","status-publish","format-standard","has-post-thumbnail","hentry","category-guncel"],"_links":{"self":[{"href":"https:\/\/www.egemtv.com\/index.php?rest_route=\/wp\/v2\/posts\/71531","targetHints":{"allow":["GET"]}}],"collection":[{"href":"https:\/\/www.egemtv.com\/index.php?rest_route=\/wp\/v2\/posts"}],"about":[{"href":"https:\/\/www.egemtv.com\/index.php?rest_route=\/wp\/v2\/types\/post"}],"author":[{"embeddable":true,"href":"https:\/\/www.egemtv.com\/index.php?rest_route=\/wp\/v2\/users\/1"}],"replies":[{"embeddable":true,"href":"https:\/\/www.egemtv.com\/index.php?rest_route=%2Fwp%2Fv2%2Fcomments&post=71531"}],"version-history":[{"count":1,"href":"https:\/\/www.egemtv.com\/index.php?rest_route=\/wp\/v2\/posts\/71531\/revisions"}],"predecessor-version":[{"id":71533,"href":"https:\/\/www.egemtv.com\/index.php?rest_route=\/wp\/v2\/posts\/71531\/revisions\/71533"}],"wp:featuredmedia":[{"embeddable":true,"href":"https:\/\/www.egemtv.com\/index.php?rest_route=\/wp\/v2\/media\/71532"}],"wp:attachment":[{"href":"https:\/\/www.egemtv.com\/index.php?rest_route=%2Fwp%2Fv2%2Fmedia&parent=71531"}],"wp:term":[{"taxonomy":"category","embeddable":true,"href":"https:\/\/www.egemtv.com\/index.php?rest_route=%2Fwp%2Fv2%2Fcategories&post=71531"},{"taxonomy":"post_tag","embeddable":true,"href":"https:\/\/www.egemtv.com\/index.php?rest_route=%2Fwp%2Fv2%2Ftags&post=71531"}],"curies":[{"name":"wp","href":"https:\/\/api.w.org\/{rel}","templated":true}]}}