{"id":71528,"date":"2025-12-02T14:35:04","date_gmt":"2025-12-02T11:35:04","guid":{"rendered":"https:\/\/www.egemtv.com\/?p=71528"},"modified":"2025-12-02T14:35:05","modified_gmt":"2025-12-02T11:35:05","slug":"sokede-130-yillik-camideki-calisma-begeni-topladi","status":"publish","type":"post","link":"https:\/\/www.egemtv.com\/?p=71528","title":{"rendered":"S\u00f6ke\u2019de 130 y\u0131ll\u0131k camideki \u00e7al\u0131\u015fma be\u011feni toplad\u0131"},"content":{"rendered":"<p>S\u00f6ke\u2019nin tarihi de\u011ferlerinden Hac\u0131 Ziya Bey Camii, yap\u0131lan d\u0131\u015f ayd\u0131nlatma \u00e7al\u0131\u015fmas\u0131yla geceleri daha g\u00f6r\u00fcn\u00fcr ve estetik bir g\u00f6r\u00fcn\u00fcme kavu\u015ftu.<\/p>\n<p>Cami \u0130mam Hatibi Yusuf Ert\u00fcrk\u2019\u00fcn giri\u015fimleriyle S\u00f6ke \u0130l\u00e7e M\u00fcft\u00fcl\u00fc\u011f\u00fc taraf\u0131ndan ger\u00e7ekle\u015ftirilen ayd\u0131nlatma \u00e7al\u0131\u015fmas\u0131, tamamlanarak hizmete sunuldu. Cami S\u00f6ke il\u00e7esi Yeni Camii Mahallesi \u015ead\u0131rvan Sokak\u2019ta bulunurken, S\u00f6ke e\u015fraf\u0131ndan Hac\u0131 Ziya Bey\u2019in 1894\u2019te yapt\u0131rd\u0131\u011f\u0131 cami mimari \u00f6zellikleri ve i\u00e7inde bulunan dekoratif i\u015flemeleriyle biliniyor. Ayd\u0131nlatma sistemiyle birlikte caminin gece sil\u00fceti daha belirgin hale gelirken, tarihi eserlerin korunmas\u0131 ve estetik a\u00e7\u0131dan \u00f6n plana \u00e7\u0131kar\u0131lmas\u0131 ama\u00e7land\u0131.<\/p>\n<p>S\u00f6ke \u0130l\u00e7e M\u00fcft\u00fcl\u00fc\u011f\u00fc taraf\u0131ndan yap\u0131lan a\u00e7\u0131klamada, il\u00e7edeki tarihi ve k\u00fclt\u00fcrel miras\u0131n korunmas\u0131na y\u00f6nelik \u00e7al\u0131\u015fmalar\u0131n s\u00fcrd\u00fc\u011f\u00fc belirtilerek, Hac\u0131 Ziya Bey Camii\u2019nde tamamlanan d\u0131\u015f ayd\u0131nlatma uygulamas\u0131n\u0131n bu kapsam\u0131n bir par\u00e7as\u0131 oldu\u011fu ifade edildi. A\u00e7\u0131klamada, \u00e7al\u0131\u015fman\u0131n hayata ge\u00e7irilmesinde eme\u011fi ge\u00e7enlere te\u015fekk\u00fcr edildi.<br \/><\/p>\n","protected":false},"excerpt":{"rendered":"<p>S\u00f6ke\u2019nin tarihi de\u011ferlerinden Hac\u0131 Ziya Bey Camii, yap\u0131lan d\u0131\u015f ayd\u0131nlatma \u00e7al\u0131\u015fmas\u0131yla geceleri daha g\u00f6r\u00fcn\u00fcr ve estetik bir g\u00f6r\u00fcn\u00fcme kavu\u015ftu. Cami \u0130mam Hatibi Yusuf Ert\u00fcrk\u2019\u00fcn giri\u015fimleriyle S\u00f6ke \u0130l\u00e7e M\u00fcft\u00fcl\u00fc\u011f\u00fc taraf\u0131ndan ger\u00e7ekle\u015ftirilen ayd\u0131nlatma \u00e7al\u0131\u015fmas\u0131, tamamlanarak hizmete sunuldu. Cami S\u00f6ke il\u00e7esi Yeni Camii Mahallesi \u015ead\u0131rvan Sokak\u2019ta bulunurken, S\u00f6ke e\u015fraf\u0131ndan Hac\u0131 Ziya Bey\u2019in 1894\u2019te yapt\u0131rd\u0131\u011f\u0131 cami mimari \u00f6zellikleri ve&#8230;<\/p>\n","protected":false},"author":1,"featured_media":71529,"comment_status":"open","ping_status":"open","sticky":false,"template":"","format":"standard","meta":{"_crdt_document":"","footnotes":""},"categories":[1],"tags":[],"class_list":["post-71528","post","type-post","status-publish","format-standard","has-post-thumbnail","hentry","category-guncel"],"_links":{"self":[{"href":"https:\/\/www.egemtv.com\/index.php?rest_route=\/wp\/v2\/posts\/71528","targetHints":{"allow":["GET"]}}],"collection":[{"href":"https:\/\/www.egemtv.com\/index.php?rest_route=\/wp\/v2\/posts"}],"about":[{"href":"https:\/\/www.egemtv.com\/index.php?rest_route=\/wp\/v2\/types\/post"}],"author":[{"embeddable":true,"href":"https:\/\/www.egemtv.com\/index.php?rest_route=\/wp\/v2\/users\/1"}],"replies":[{"embeddable":true,"href":"https:\/\/www.egemtv.com\/index.php?rest_route=%2Fwp%2Fv2%2Fcomments&post=71528"}],"version-history":[{"count":1,"href":"https:\/\/www.egemtv.com\/index.php?rest_route=\/wp\/v2\/posts\/71528\/revisions"}],"predecessor-version":[{"id":71530,"href":"https:\/\/www.egemtv.com\/index.php?rest_route=\/wp\/v2\/posts\/71528\/revisions\/71530"}],"wp:featuredmedia":[{"embeddable":true,"href":"https:\/\/www.egemtv.com\/index.php?rest_route=\/wp\/v2\/media\/71529"}],"wp:attachment":[{"href":"https:\/\/www.egemtv.com\/index.php?rest_route=%2Fwp%2Fv2%2Fmedia&parent=71528"}],"wp:term":[{"taxonomy":"category","embeddable":true,"href":"https:\/\/www.egemtv.com\/index.php?rest_route=%2Fwp%2Fv2%2Fcategories&post=71528"},{"taxonomy":"post_tag","embeddable":true,"href":"https:\/\/www.egemtv.com\/index.php?rest_route=%2Fwp%2Fv2%2Ftags&post=71528"}],"curies":[{"name":"wp","href":"https:\/\/api.w.org\/{rel}","templated":true}]}}