{"id":71525,"date":"2025-12-02T14:35:03","date_gmt":"2025-12-02T11:35:03","guid":{"rendered":"https:\/\/www.egemtv.com\/?p=71525"},"modified":"2025-12-02T14:35:04","modified_gmt":"2025-12-02T11:35:04","slug":"milas-euromosta-turkiyenin-ilk-antik-astronomi-bulusmasi","status":"publish","type":"post","link":"https:\/\/www.egemtv.com\/?p=71525","title":{"rendered":"Milas Euromos\u2019ta T\u00fcrkiye\u2019nin ilk antik astronomi bulu\u015fmas\u0131"},"content":{"rendered":"<p>Radikal Okullar\u0131, \u2018Ay ve Mars K\u00f6y\u00fc Projesi\u2019 kapsam\u0131nda Mu\u011fla\u2019n\u0131n Milas il\u00e7esinde bulunan Euromos Antik Kenti\u2019nde antik d\u00fcnyan\u0131n g\u00f6ky\u00fcz\u00fc bilgisi ile modern astronomiyi bir araya getiren &#8220;Antik Astronomi Etkinli\u011fi&#8221; d\u00fczenledi. Etkinlikte \u00f6\u011frencilere benzersiz bir deneyim sunuldu.<\/p>\n<p>Antik Astronomi Etkinli\u011finin haz\u0131rlanmas\u0131nda Kaz\u0131 Ba\u015fkan\u0131 Prof. Dr. Abuzer K\u0131z\u0131l, kaz\u0131 ba\u015fkan yard\u0131mc\u0131s\u0131 Mazlum \u00c7ur ve kaz\u0131 ekibi katk\u0131 sa\u011flad\u0131. Euromos\u2019un tarihi dokusu, astronomi g\u00f6zlemleri ve e\u011fitim i\u00e7erikli uygulamalar i\u00e7in uygun hale getirildi. Program kapsam\u0131nda Milas M\u00fczesine ba\u011fl\u0131 arkeolog Deniz Ba\u015f e\u015fli\u011finde alan gezisi d\u00fczenlendi. Organizasyon s\u00fcreci, proje y\u00f6neticileri M\u00fcge \u00d6zkan \u00c7ak\u0131r ve \u015eule Ba\u015f taraf\u0131ndan y\u00fcr\u00fct\u00fcl\u00fcrken, bilimsel koordinasyon astronomlar Duygu ve Murat Esendemir taraf\u0131ndan sa\u011fland\u0131. Kat\u0131l\u0131mc\u0131lar, antik d\u00f6nem g\u00f6zlem y\u00f6ntemleri ile modern astronomi tekniklerini birle\u015ftiren uygulamalara yo\u011fun ilgi g\u00f6sterdi.<\/p>\n<p>T\u00fcrkiye\u2019de ilk olma \u00f6zelli\u011fi ta\u015f\u0131yan etkinlik, hem akademik \u00e7evrelerden hem de gen\u00e7 kat\u0131l\u0131mc\u0131lar\u0131n dikkatini \u00e7ekti. Euromos Antik Kentinde ger\u00e7ekle\u015ftirilen \u00e7al\u0131\u015fma, k\u00fclt\u00fcrel miras\u0131n \u00e7a\u011fda\u015f bilimle bulu\u015fturulmas\u0131 a\u00e7\u0131s\u0131ndan \u00f6nemli bir ad\u0131m olarak de\u011ferlendirildi.<\/p>\n<p>Radikal Okullar\u0131 Genel M\u00fcd\u00fcr Yard\u0131mc\u0131s\u0131 Sevi \u015eeneken, &#8220;Bu \u00f6nemli projede Radikal Okullar\u0131 olarak bilimsel \u00e7al\u0131\u015fmalara \u00f6nc\u00fcl\u00fck yapmaktan b\u00fcy\u00fck mutluluk duyuyoruz.&#8221; dedi.<br \/><\/p>\n","protected":false},"excerpt":{"rendered":"<p>Radikal Okullar\u0131, \u2018Ay ve Mars K\u00f6y\u00fc Projesi\u2019 kapsam\u0131nda Mu\u011fla\u2019n\u0131n Milas il\u00e7esinde bulunan Euromos Antik Kenti\u2019nde antik d\u00fcnyan\u0131n g\u00f6ky\u00fcz\u00fc bilgisi ile modern astronomiyi bir araya getiren &#8220;Antik Astronomi Etkinli\u011fi&#8221; d\u00fczenledi. Etkinlikte \u00f6\u011frencilere benzersiz bir deneyim sunuldu. Antik Astronomi Etkinli\u011finin haz\u0131rlanmas\u0131nda Kaz\u0131 Ba\u015fkan\u0131 Prof. Dr. Abuzer K\u0131z\u0131l, kaz\u0131 ba\u015fkan yard\u0131mc\u0131s\u0131 Mazlum \u00c7ur ve kaz\u0131 ekibi katk\u0131 sa\u011flad\u0131&#8230;.<\/p>\n","protected":false},"author":1,"featured_media":71526,"comment_status":"open","ping_status":"open","sticky":false,"template":"","format":"standard","meta":{"_crdt_document":"","footnotes":""},"categories":[124],"tags":[],"class_list":["post-71525","post","type-post","status-publish","format-standard","has-post-thumbnail","hentry","category-bilim"],"_links":{"self":[{"href":"https:\/\/www.egemtv.com\/index.php?rest_route=\/wp\/v2\/posts\/71525","targetHints":{"allow":["GET"]}}],"collection":[{"href":"https:\/\/www.egemtv.com\/index.php?rest_route=\/wp\/v2\/posts"}],"about":[{"href":"https:\/\/www.egemtv.com\/index.php?rest_route=\/wp\/v2\/types\/post"}],"author":[{"embeddable":true,"href":"https:\/\/www.egemtv.com\/index.php?rest_route=\/wp\/v2\/users\/1"}],"replies":[{"embeddable":true,"href":"https:\/\/www.egemtv.com\/index.php?rest_route=%2Fwp%2Fv2%2Fcomments&post=71525"}],"version-history":[{"count":1,"href":"https:\/\/www.egemtv.com\/index.php?rest_route=\/wp\/v2\/posts\/71525\/revisions"}],"predecessor-version":[{"id":71527,"href":"https:\/\/www.egemtv.com\/index.php?rest_route=\/wp\/v2\/posts\/71525\/revisions\/71527"}],"wp:featuredmedia":[{"embeddable":true,"href":"https:\/\/www.egemtv.com\/index.php?rest_route=\/wp\/v2\/media\/71526"}],"wp:attachment":[{"href":"https:\/\/www.egemtv.com\/index.php?rest_route=%2Fwp%2Fv2%2Fmedia&parent=71525"}],"wp:term":[{"taxonomy":"category","embeddable":true,"href":"https:\/\/www.egemtv.com\/index.php?rest_route=%2Fwp%2Fv2%2Fcategories&post=71525"},{"taxonomy":"post_tag","embeddable":true,"href":"https:\/\/www.egemtv.com\/index.php?rest_route=%2Fwp%2Fv2%2Ftags&post=71525"}],"curies":[{"name":"wp","href":"https:\/\/api.w.org\/{rel}","templated":true}]}}