{"id":71498,"date":"2025-12-02T13:14:52","date_gmt":"2025-12-02T10:14:52","guid":{"rendered":"https:\/\/www.egemtv.com\/?p=71498"},"modified":"2025-12-02T13:14:53","modified_gmt":"2025-12-02T10:14:53","slug":"aydinda-silahli-yaralama-suphelisi-yakalandi","status":"publish","type":"post","link":"https:\/\/www.egemtv.com\/?p=71498","title":{"rendered":"Ayd\u0131n\u2019da silahl\u0131 yaralama \u015f\u00fcphelisi yakaland\u0131"},"content":{"rendered":"<p>Ayd\u0131n\u2019\u0131n Efeler il\u00e7esinde bir ki\u015fiyi bacaklar\u0131ndan silahla vurarak yaralad\u0131ktan sonra olay yerinden ka\u00e7an \u015fah\u0131s polis ekipleri taraf\u0131ndan yakalanarak g\u00f6zalt\u0131na al\u0131nd\u0131.<\/p>\n<p>Olay, Mimar Sinan Mahallesi 2315. Sokak\u2019ta 1 Aral\u0131k Pazartesi g\u00fcn\u00fc saat 16.30 s\u0131ralar\u0131nda meydana geldi. Edinilen bilgiye g\u00f6re, iki ki\u015fi aras\u0131nda bilinmeyen bir nedenle tart\u0131\u015fma \u00e7\u0131kt\u0131. Tart\u0131\u015fman\u0131n b\u00fcy\u00fcd\u00fc\u011f\u00fc olayda \u00d6.S., S.\u0130. isimli ki\u015fiyi bacaklar\u0131ndan silahla vurarak ka\u00e7t\u0131. 112 Acil \u00c7a\u011fr\u0131 Merkezi\u2019ne yap\u0131lan ihbar \u00fczerine b\u00f6lgeye sa\u011fl\u0131k ve polis ekipleri sevk edildi. Sa\u011fl\u0131k ekiplerinin ilk m\u00fcdahalesini yapt\u0131\u011f\u0131 yaral\u0131 ambulansla Ayd\u0131n Devlet Hastanesi\u2019ne kald\u0131r\u0131ld\u0131. Hastanede tedavi alt\u0131na al\u0131nan yaral\u0131n\u0131n sa\u011fl\u0131k durumunun iyi oldu\u011fu \u00f6\u011frenilirken, polis ka\u00e7an \u015f\u00fcphelinin yakalanmas\u0131 i\u00e7in \u00e7al\u0131\u015fma ba\u015flatt\u0131.<\/p>\n<p>K\u00f6\u015fk il\u00e7esinde yakaland\u0131<br \/>\n<br \/>Olay\u0131n ard\u0131ndan Ayd\u0131n il Emniyet M\u00fcd\u00fcrl\u00fc\u011f\u00fc Asayi\u015f \u015eube M\u00fcd\u00fcrl\u00fc\u011f\u00fc Cinayet-Gasp B\u00fcro Amirli\u011fi ekiplerince \u015f\u00fcpheli \u00d6.S. K\u00f6\u015fk il\u00e7esinde k\u0131sk\u0131vrak yakalanarak g\u00f6zalt\u0131na al\u0131nd\u0131. Emniyetteki i\u015flemlerinin ard\u0131ndan \u015f\u00fcpheli adliyeye sevk edildi.<br \/><\/p>\n","protected":false},"excerpt":{"rendered":"<p>Ayd\u0131n\u2019\u0131n Efeler il\u00e7esinde bir ki\u015fiyi bacaklar\u0131ndan silahla vurarak yaralad\u0131ktan sonra olay yerinden ka\u00e7an \u015fah\u0131s polis ekipleri taraf\u0131ndan yakalanarak g\u00f6zalt\u0131na al\u0131nd\u0131. Olay, Mimar Sinan Mahallesi 2315. Sokak\u2019ta 1 Aral\u0131k Pazartesi g\u00fcn\u00fc saat 16.30 s\u0131ralar\u0131nda meydana geldi. Edinilen bilgiye g\u00f6re, iki ki\u015fi aras\u0131nda bilinmeyen bir nedenle tart\u0131\u015fma \u00e7\u0131kt\u0131. Tart\u0131\u015fman\u0131n b\u00fcy\u00fcd\u00fc\u011f\u00fc olayda \u00d6.S., S.\u0130. isimli ki\u015fiyi bacaklar\u0131ndan silahla&#8230;<\/p>\n","protected":false},"author":1,"featured_media":71499,"comment_status":"open","ping_status":"open","sticky":false,"template":"","format":"standard","meta":{"_crdt_document":"","footnotes":""},"categories":[5],"tags":[],"class_list":["post-71498","post","type-post","status-publish","format-standard","has-post-thumbnail","hentry","category-asayis"],"_links":{"self":[{"href":"https:\/\/www.egemtv.com\/index.php?rest_route=\/wp\/v2\/posts\/71498","targetHints":{"allow":["GET"]}}],"collection":[{"href":"https:\/\/www.egemtv.com\/index.php?rest_route=\/wp\/v2\/posts"}],"about":[{"href":"https:\/\/www.egemtv.com\/index.php?rest_route=\/wp\/v2\/types\/post"}],"author":[{"embeddable":true,"href":"https:\/\/www.egemtv.com\/index.php?rest_route=\/wp\/v2\/users\/1"}],"replies":[{"embeddable":true,"href":"https:\/\/www.egemtv.com\/index.php?rest_route=%2Fwp%2Fv2%2Fcomments&post=71498"}],"version-history":[{"count":1,"href":"https:\/\/www.egemtv.com\/index.php?rest_route=\/wp\/v2\/posts\/71498\/revisions"}],"predecessor-version":[{"id":71500,"href":"https:\/\/www.egemtv.com\/index.php?rest_route=\/wp\/v2\/posts\/71498\/revisions\/71500"}],"wp:featuredmedia":[{"embeddable":true,"href":"https:\/\/www.egemtv.com\/index.php?rest_route=\/wp\/v2\/media\/71499"}],"wp:attachment":[{"href":"https:\/\/www.egemtv.com\/index.php?rest_route=%2Fwp%2Fv2%2Fmedia&parent=71498"}],"wp:term":[{"taxonomy":"category","embeddable":true,"href":"https:\/\/www.egemtv.com\/index.php?rest_route=%2Fwp%2Fv2%2Fcategories&post=71498"},{"taxonomy":"post_tag","embeddable":true,"href":"https:\/\/www.egemtv.com\/index.php?rest_route=%2Fwp%2Fv2%2Ftags&post=71498"}],"curies":[{"name":"wp","href":"https:\/\/api.w.org\/{rel}","templated":true}]}}