{"id":71495,"date":"2025-12-02T13:14:51","date_gmt":"2025-12-02T10:14:51","guid":{"rendered":"https:\/\/www.egemtv.com\/?p=71495"},"modified":"2025-12-02T13:14:52","modified_gmt":"2025-12-02T10:14:52","slug":"germencikte-ges-projesi-tamamlandi","status":"publish","type":"post","link":"https:\/\/www.egemtv.com\/?p=71495","title":{"rendered":"Germencik\u2019te GES Projesi tamamland\u0131"},"content":{"rendered":"<p>Germencik Belediye Ba\u015fkan\u0131 Burak Zencirci, belediyenin enerji giderlerini s\u0131f\u0131rlayacak G\u00fcne\u015f Enerji Santrali\u2019nin haz\u0131r oldu\u011funu belirterek, &#8220;Y\u0131lda 3 milyon TL tasarruf sa\u011flayaca\u011f\u0131z, son imza sonras\u0131 santral hemen devreye girecek&#8221; dedi.<\/p>\n<p>Germencik Belediyesi taraf\u0131ndan hayata ge\u00e7irilen 400 kW G\u00fcne\u015f Enerji Santrali (GES) projesi tamamland\u0131. Belediye Ba\u015fkan\u0131 Burak Zencirci, projeyle birlikte belediyenin enerji harcamalar\u0131n\u0131n s\u0131f\u0131rlanaca\u011f\u0131n\u0131 ve y\u0131lda 3 milyon TL tasarruf sa\u011flanarak bu kayna\u011f\u0131n belediye b\u00fct\u00e7esine do\u011frudan kazand\u0131r\u0131laca\u011f\u0131n\u0131 a\u00e7\u0131klad\u0131. Ba\u015fkan Zencirci, projenin devreye al\u0131nmas\u0131 i\u00e7in sadece Ayd\u0131n B\u00fcy\u00fck\u015fehir Belediyesi \u0130tfaiye Daire Ba\u015fkanl\u0131\u011f\u0131\u2019n\u0131n uygunluk imzas\u0131n\u0131n beklendi\u011fini belirterek, &#8220;Bu imza ile birlikte santralimiz hemen faaliyete ge\u00e7ecek ve hem belediyemize hem de il\u00e7emizin \u00e7evresine y\u00fcksek verimle katk\u0131 sa\u011flamaya ba\u015flayacak&#8221; dedi.<\/p>\n<p>G\u00fcne\u015f enerjisi yat\u0131r\u0131m\u0131n\u0131n Germencik\u2019in vizyonuna \u00f6nemli bir katk\u0131 sundu\u011funu vurgulayan Zencirci, il\u00e7eyi \u00fcreten, geli\u015fen ve \u00f6rnek g\u00f6sterilen bir yerle\u015fim yerine d\u00f6n\u00fc\u015ft\u00fcrme hedefiyle \u00e7al\u0131\u015fmaya devam edeceklerini ifade etti.<\/p>\n<p>Ba\u015fkan Zencirci a\u00e7\u0131klamas\u0131nda &#8220;B\u00fcy\u00fck bir gururla duyuruyorum ki, Germencik Belediyesi olarak hayata ge\u00e7irdi\u011fimiz 400 kW G\u00fcne\u015f Enerji Santrali (GES) Projemiz tamamlanm\u0131\u015ft\u0131r. Bu \u00e7evreci ve ak\u0131lc\u0131 proje, belediyemizin enerji harcamalar\u0131n\u0131 s\u0131f\u0131rlayarak, y\u0131lda 3 milyon TL\u2019lik bir kayna\u011f\u0131 do\u011frudan belediyemizin kasas\u0131na kazand\u0131racakt\u0131r. Biz, Germencik Belediyesi olarak, il\u00e7emizi geli\u015fimiyle, vizyonuyla ve \u00fcreten kimli\u011fiyle tan\u0131nan, \u00f6rnek g\u00f6sterilen bir il\u00e7e yapmak i\u00e7in kararl\u0131l\u0131kla \u00e7al\u0131\u015fmaya devam edece\u011fiz&#8221; ifadelerine yer verdi.<br \/><\/p>\n","protected":false},"excerpt":{"rendered":"<p>Germencik Belediye Ba\u015fkan\u0131 Burak Zencirci, belediyenin enerji giderlerini s\u0131f\u0131rlayacak G\u00fcne\u015f Enerji Santrali\u2019nin haz\u0131r oldu\u011funu belirterek, &#8220;Y\u0131lda 3 milyon TL tasarruf sa\u011flayaca\u011f\u0131z, son imza sonras\u0131 santral hemen devreye girecek&#8221; dedi. Germencik Belediyesi taraf\u0131ndan hayata ge\u00e7irilen 400 kW G\u00fcne\u015f Enerji Santrali (GES) projesi tamamland\u0131. Belediye Ba\u015fkan\u0131 Burak Zencirci, projeyle birlikte belediyenin enerji harcamalar\u0131n\u0131n s\u0131f\u0131rlanaca\u011f\u0131n\u0131 ve y\u0131lda 3&#8230;<\/p>\n","protected":false},"author":1,"featured_media":71496,"comment_status":"open","ping_status":"open","sticky":false,"template":"","format":"standard","meta":{"_crdt_document":"","footnotes":""},"categories":[125],"tags":[],"class_list":["post-71495","post","type-post","status-publish","format-standard","has-post-thumbnail","hentry","category-ekonomi"],"_links":{"self":[{"href":"https:\/\/www.egemtv.com\/index.php?rest_route=\/wp\/v2\/posts\/71495","targetHints":{"allow":["GET"]}}],"collection":[{"href":"https:\/\/www.egemtv.com\/index.php?rest_route=\/wp\/v2\/posts"}],"about":[{"href":"https:\/\/www.egemtv.com\/index.php?rest_route=\/wp\/v2\/types\/post"}],"author":[{"embeddable":true,"href":"https:\/\/www.egemtv.com\/index.php?rest_route=\/wp\/v2\/users\/1"}],"replies":[{"embeddable":true,"href":"https:\/\/www.egemtv.com\/index.php?rest_route=%2Fwp%2Fv2%2Fcomments&post=71495"}],"version-history":[{"count":1,"href":"https:\/\/www.egemtv.com\/index.php?rest_route=\/wp\/v2\/posts\/71495\/revisions"}],"predecessor-version":[{"id":71497,"href":"https:\/\/www.egemtv.com\/index.php?rest_route=\/wp\/v2\/posts\/71495\/revisions\/71497"}],"wp:featuredmedia":[{"embeddable":true,"href":"https:\/\/www.egemtv.com\/index.php?rest_route=\/wp\/v2\/media\/71496"}],"wp:attachment":[{"href":"https:\/\/www.egemtv.com\/index.php?rest_route=%2Fwp%2Fv2%2Fmedia&parent=71495"}],"wp:term":[{"taxonomy":"category","embeddable":true,"href":"https:\/\/www.egemtv.com\/index.php?rest_route=%2Fwp%2Fv2%2Fcategories&post=71495"},{"taxonomy":"post_tag","embeddable":true,"href":"https:\/\/www.egemtv.com\/index.php?rest_route=%2Fwp%2Fv2%2Ftags&post=71495"}],"curies":[{"name":"wp","href":"https:\/\/api.w.org\/{rel}","templated":true}]}}