{"id":71492,"date":"2025-12-02T12:55:20","date_gmt":"2025-12-02T09:55:20","guid":{"rendered":"https:\/\/www.egemtv.com\/?p=71492"},"modified":"2025-12-02T12:55:20","modified_gmt":"2025-12-02T09:55:20","slug":"yenipazarda-icme-suyu-hatti-yenileniyor","status":"publish","type":"post","link":"https:\/\/www.egemtv.com\/?p=71492","title":{"rendered":"Yenipazar\u2019da i\u00e7me suyu hatt\u0131 yenileniyor"},"content":{"rendered":"<p>Yenipazar Belediyesi ve ASK\u0130 i\u015f birli\u011fi ile, il\u00e7ede y\u0131llard\u0131r de\u011fi\u015fmeyen ve y\u0131pranan i\u00e7me suyu hatt\u0131n\u0131 yenilemeye ba\u015flad\u0131.<\/p>\n<p>Yenipazar Belediye Ba\u015fkan\u0131 Malik Ercan, ASK\u0130 i\u015f birli\u011fiyle ba\u015flat\u0131lan \u00e7al\u0131\u015fmalar\u0131 yerinde inceledi. Ba\u015fkan Ercan yapt\u0131\u011f\u0131 a\u00e7\u0131klamada kep\u00e7eyle \u00e7al\u0131\u015fmalara ba\u015flad\u0131klar\u0131n\u0131 ve kurban kestiklerini belirterek, &#8220;Yenipazar i\u00e7in son s\u00fcrat \u00e7al\u0131\u015fmaya devam ediyoruz. Hat yenilemesinin hemen ard\u0131ndan s\u0131cak asfalt \u00e7al\u0131\u015fmam\u0131z da ba\u015flayacak. Yenipazarl\u0131 vatanda\u015flar\u0131m\u0131z\u0131n talepleri do\u011frultusunda y\u0131llard\u0131r yap\u0131lmayan hizmetleri yapman\u0131n gururunu ya\u015f\u0131yoruz. \u00c7al\u0131\u015fmalar s\u0131ras\u0131nda verece\u011fimiz rahats\u0131zl\u0131ktan dolay\u0131 \u015fimdiden \u00f6z\u00fcr dileriz. Her \u015fey Yenipazar i\u00e7in&#8221; ifadelerini kulland\u0131. Ba\u015fkan Ercan, altyap\u0131 \u00e7al\u0131\u015fmalar\u0131n\u0131n tamamlanmas\u0131n\u0131n ard\u0131ndan il\u00e7ede yollar\u0131n da modern ve konforlu hale getirilece\u011fini s\u00f6yledi.<br \/><\/p>\n","protected":false},"excerpt":{"rendered":"<p>Yenipazar Belediyesi ve ASK\u0130 i\u015f birli\u011fi ile, il\u00e7ede y\u0131llard\u0131r de\u011fi\u015fmeyen ve y\u0131pranan i\u00e7me suyu hatt\u0131n\u0131 yenilemeye ba\u015flad\u0131. Yenipazar Belediye Ba\u015fkan\u0131 Malik Ercan, ASK\u0130 i\u015f birli\u011fiyle ba\u015flat\u0131lan \u00e7al\u0131\u015fmalar\u0131 yerinde inceledi. Ba\u015fkan Ercan yapt\u0131\u011f\u0131 a\u00e7\u0131klamada kep\u00e7eyle \u00e7al\u0131\u015fmalara ba\u015flad\u0131klar\u0131n\u0131 ve kurban kestiklerini belirterek, &#8220;Yenipazar i\u00e7in son s\u00fcrat \u00e7al\u0131\u015fmaya devam ediyoruz. Hat yenilemesinin hemen ard\u0131ndan s\u0131cak asfalt \u00e7al\u0131\u015fmam\u0131z da&#8230;<\/p>\n","protected":false},"author":1,"featured_media":71493,"comment_status":"open","ping_status":"open","sticky":false,"template":"","format":"standard","meta":{"_crdt_document":"","footnotes":""},"categories":[1],"tags":[],"class_list":["post-71492","post","type-post","status-publish","format-standard","has-post-thumbnail","hentry","category-guncel"],"_links":{"self":[{"href":"https:\/\/www.egemtv.com\/index.php?rest_route=\/wp\/v2\/posts\/71492","targetHints":{"allow":["GET"]}}],"collection":[{"href":"https:\/\/www.egemtv.com\/index.php?rest_route=\/wp\/v2\/posts"}],"about":[{"href":"https:\/\/www.egemtv.com\/index.php?rest_route=\/wp\/v2\/types\/post"}],"author":[{"embeddable":true,"href":"https:\/\/www.egemtv.com\/index.php?rest_route=\/wp\/v2\/users\/1"}],"replies":[{"embeddable":true,"href":"https:\/\/www.egemtv.com\/index.php?rest_route=%2Fwp%2Fv2%2Fcomments&post=71492"}],"version-history":[{"count":1,"href":"https:\/\/www.egemtv.com\/index.php?rest_route=\/wp\/v2\/posts\/71492\/revisions"}],"predecessor-version":[{"id":71494,"href":"https:\/\/www.egemtv.com\/index.php?rest_route=\/wp\/v2\/posts\/71492\/revisions\/71494"}],"wp:featuredmedia":[{"embeddable":true,"href":"https:\/\/www.egemtv.com\/index.php?rest_route=\/wp\/v2\/media\/71493"}],"wp:attachment":[{"href":"https:\/\/www.egemtv.com\/index.php?rest_route=%2Fwp%2Fv2%2Fmedia&parent=71492"}],"wp:term":[{"taxonomy":"category","embeddable":true,"href":"https:\/\/www.egemtv.com\/index.php?rest_route=%2Fwp%2Fv2%2Fcategories&post=71492"},{"taxonomy":"post_tag","embeddable":true,"href":"https:\/\/www.egemtv.com\/index.php?rest_route=%2Fwp%2Fv2%2Ftags&post=71492"}],"curies":[{"name":"wp","href":"https:\/\/api.w.org\/{rel}","templated":true}]}}