{"id":71489,"date":"2025-12-02T12:55:19","date_gmt":"2025-12-02T09:55:19","guid":{"rendered":"https:\/\/www.egemtv.com\/?p=71489"},"modified":"2025-12-02T12:55:20","modified_gmt":"2025-12-02T09:55:20","slug":"isonem-goztepe-spor-kulubunun-stadyum-isim-sponsoru-oldu","status":"publish","type":"post","link":"https:\/\/www.egemtv.com\/?p=71489","title":{"rendered":"ISONEM, G\u00f6ztepe Spor Kul\u00fcb\u00fc\u2019n\u00fcn stadyum isim sponsoru oldu"},"content":{"rendered":"<p>G\u00f6ztepe Spor Kul\u00fcb\u00fc, \u0130zmir merkezli 120\u2019den fazla \u00fclkede su yal\u0131t\u0131m teknolojileri konusunda \u00f6nc\u00fc olan ISONEM ile stadyum isim sponsorlu\u011fu anla\u015fmas\u0131na imza att\u0131.<br \/>\n<br \/>ISONEM Boya &amp; Yal\u0131t\u0131m Teknolojileri, ISONEM Park ad\u0131yla G\u00fcrsel Aksel Spor ve Sa\u011fl\u0131kl\u0131 Ya\u015fam Merkezi\u2019nin stadyum isim sponsoru oldu. ISONEM Park\u2019ta ger\u00e7ekle\u015fen lansmana G\u00f6ztepe Spor Kul\u00fcb\u00fc Onursal Ba\u015fkan\u0131 Mehmet Sepil, G\u00f6ztepe CEO\u2019su Kerem Ertan, ISONEM Y\u00f6netim Kurulu Ba\u015fkan\u0131 Kubilay Kurt ve ISONEM CEO\u2019su Erim Kurt kat\u0131ld\u0131.<br \/>\n<br \/>Lansmanda a\u00e7\u0131klamalarda bulunan G\u00f6ztepe CEO\u2019su Kerem Ertan, ISONEM\u2019in 23 y\u0131ll\u0131k bir ge\u00e7mi\u015fe sahip oldu\u011funu ve 5 k\u0131tada 100\u2019\u00fc a\u015fk\u0131n \u00fclkeye ihracat yapt\u0131\u011f\u0131n\u0131 ifade ederek, &#8220;T\u00fcrkiye\u2019yi  kendi sekt\u00f6r\u00fcnde en iyi \u015fekilde temsil eden ISONEM ile birlikte G\u00f6ztepe olarak G\u00fcrsel Aksel Spor ve Sa\u011fl\u0131kl\u0131 Ya\u015fam Merkezi\u2019nin ad\u0131n\u0131 ISONEM Park G\u00fcrsel Aksel Spor ve Sa\u011fl\u0131kl\u0131 Ya\u015fam Merkezi haline d\u00f6n\u00fc\u015fecek ve bundan sonra in\u015fallah Avrupa kupalar\u0131nda kat\u0131l\u0131m i\u00e7in oynayaca\u011f\u0131m\u0131z ma\u00e7lar\u0131n yeni ev sahibi ISONEM Park olacak&#8221; dedi.<\/p>\n<p>Kubilay Kurt: &#8220;D\u00fcnyada hi\u00e7bir yerinde bu kadar g\u00fczel bir taraftar\u0131 bulamazs\u0131n\u0131z&#8221;<br \/>\n<br \/>ISONEM Y\u00f6netim Kurulu Ba\u015fkan\u0131 Kubilay Kurt da ailecek G\u00f6ztepeli olduklar\u0131n\u0131 ve sponsor olduklar\u0131 i\u00e7in mutluluk duyduklar\u0131n\u0131 dile getirdi. Kurt, sar\u0131-k\u0131rm\u0131z\u0131l\u0131 taraftarlardan da \u00f6vg\u00fcyle bahsederek, &#8220;D\u00fcnyada hi\u00e7bir yerinde bu kadar g\u00fczel bir taraftar\u0131 bulamazs\u0131n\u0131z. Ailece gelirler. \u00c7oluk \u00e7ocuk, ya\u015fl\u0131 hepsi bu stad\u0131n trib\u00fcnlerinde tak\u0131m\u0131na destek olurlar. Biz de bu tak\u0131ma, \u0130zmir\u2019e nas\u0131l destek oluruz diye d\u00fc\u015f\u00fcnd\u00fck ve b\u00f6yle bir karar ald\u0131k. Temennim o ki in\u015fallah Avrupa\u2019da da top ko\u015ftururuz bu sene&#8221; ifadelerini kulland\u0131.<\/p>\n<p>Erim Kurt: &#8220;G\u00f6ztepe\u2019nin ISONEM\u2019e kataca\u011f\u0131 \u00e7ok \u015fey oldu\u011funu biliyoruz&#8221;<br \/>\n<br \/>T\u00fcrkiye\u2019ye b\u00fcy\u00fck bir hizmette bulunduklar\u0131n\u0131 anlatan ISONEM CEO\u2019su Erim Kurt ise, &#8220;\u0130\u015fimiz dolay\u0131s\u0131yla T\u00fcrkiye\u2019nin d\u00f6rt bir yan\u0131nda 6 bini a\u015fk\u0131n altyap\u0131lar\u0131m\u0131zla bayi a\u011f\u0131m\u0131zla ve 120\u2019den fazla bug\u00fcne kadar yapt\u0131\u011f\u0131m\u0131z ihracat\u0131m\u0131zla ve bunlar\u0131n 55 tanesinde do\u011frudan lokal yerli distrib\u00fct\u00f6rlerimiz olmas\u0131 dolay\u0131s\u0131yla d\u00fcnyan\u0131n bir bir\u00e7ok farkl\u0131 yerlerinde bulunduk. T\u00fcrkiye\u2019nin hemen hemen her yerinde bulunduk. Buna dayanarak \u015funu s\u00f6yleyebiliriz ki \u0130zmir, T\u00fcrkiye\u2019nin en b\u00fcy\u00fck ve en g\u00fczel \u015fehirlerinden bir tanesi. Hatta bana g\u00f6re d\u00fcnya \u00e7ap\u0131nda. Dolay\u0131s\u0131yla bu g\u00fczel \u015fehir g\u00fczel bir temsili hak ediyor ve G\u00f6ztepe b\u00fct\u00fcn bran\u015flar\u0131yla bu temsili ba\u015far\u0131l\u0131 bir \u015fekilde devam ettiriyor. Biz de bu noktada, G\u00f6ztepe\u2019ye hem destek olmak hem de katk\u0131 sa\u011flamak i\u00e7in neler yapabiliriz diye G\u00f6ztepe ISONEM olarak g\u00fczel bir i\u015fbirli\u011fine girdik. G\u00f6ztepe\u2019nin ISONEM\u2019e kataca\u011f\u0131 \u00e7ok \u015fey oldu\u011funu biliyoruz. \u0130n\u015fallah ISONEM\u2019de G\u00f6ztepe\u2019ye u\u011fur getirir, \u015fans getirir&#8221; diye konu\u015ftu.<br \/><\/p>\n","protected":false},"excerpt":{"rendered":"<p>G\u00f6ztepe Spor Kul\u00fcb\u00fc, \u0130zmir merkezli 120\u2019den fazla \u00fclkede su yal\u0131t\u0131m teknolojileri konusunda \u00f6nc\u00fc olan ISONEM ile stadyum isim sponsorlu\u011fu anla\u015fmas\u0131na imza att\u0131. ISONEM Boya &amp; Yal\u0131t\u0131m Teknolojileri, ISONEM Park ad\u0131yla G\u00fcrsel Aksel Spor ve Sa\u011fl\u0131kl\u0131 Ya\u015fam Merkezi\u2019nin stadyum isim sponsoru oldu. ISONEM Park\u2019ta ger\u00e7ekle\u015fen lansmana G\u00f6ztepe Spor Kul\u00fcb\u00fc Onursal Ba\u015fkan\u0131 Mehmet Sepil, G\u00f6ztepe CEO\u2019su Kerem&#8230;<\/p>\n","protected":false},"author":1,"featured_media":71490,"comment_status":"open","ping_status":"open","sticky":false,"template":"","format":"standard","meta":{"_crdt_document":"","footnotes":""},"categories":[4],"tags":[],"class_list":["post-71489","post","type-post","status-publish","format-standard","has-post-thumbnail","hentry","category-spor"],"_links":{"self":[{"href":"https:\/\/www.egemtv.com\/index.php?rest_route=\/wp\/v2\/posts\/71489","targetHints":{"allow":["GET"]}}],"collection":[{"href":"https:\/\/www.egemtv.com\/index.php?rest_route=\/wp\/v2\/posts"}],"about":[{"href":"https:\/\/www.egemtv.com\/index.php?rest_route=\/wp\/v2\/types\/post"}],"author":[{"embeddable":true,"href":"https:\/\/www.egemtv.com\/index.php?rest_route=\/wp\/v2\/users\/1"}],"replies":[{"embeddable":true,"href":"https:\/\/www.egemtv.com\/index.php?rest_route=%2Fwp%2Fv2%2Fcomments&post=71489"}],"version-history":[{"count":1,"href":"https:\/\/www.egemtv.com\/index.php?rest_route=\/wp\/v2\/posts\/71489\/revisions"}],"predecessor-version":[{"id":71491,"href":"https:\/\/www.egemtv.com\/index.php?rest_route=\/wp\/v2\/posts\/71489\/revisions\/71491"}],"wp:featuredmedia":[{"embeddable":true,"href":"https:\/\/www.egemtv.com\/index.php?rest_route=\/wp\/v2\/media\/71490"}],"wp:attachment":[{"href":"https:\/\/www.egemtv.com\/index.php?rest_route=%2Fwp%2Fv2%2Fmedia&parent=71489"}],"wp:term":[{"taxonomy":"category","embeddable":true,"href":"https:\/\/www.egemtv.com\/index.php?rest_route=%2Fwp%2Fv2%2Fcategories&post=71489"},{"taxonomy":"post_tag","embeddable":true,"href":"https:\/\/www.egemtv.com\/index.php?rest_route=%2Fwp%2Fv2%2Ftags&post=71489"}],"curies":[{"name":"wp","href":"https:\/\/api.w.org\/{rel}","templated":true}]}}