{"id":71483,"date":"2025-12-02T12:35:33","date_gmt":"2025-12-02T09:35:33","guid":{"rendered":"https:\/\/www.egemtv.com\/?p=71483"},"modified":"2025-12-02T12:35:34","modified_gmt":"2025-12-02T09:35:34","slug":"pazarlarda-spor-seferberligi-zirvede","status":"publish","type":"post","link":"https:\/\/www.egemtv.com\/?p=71483","title":{"rendered":"Pazarlar\u2019da spor seferberli\u011fi zirvede"},"content":{"rendered":"<p>K\u00fctahya\u2019n\u0131n Pazarlar il\u00e7esinde, Pazarlar Spor Lisesi\u2019nin \u00f6nc\u00fcl\u00fc\u011f\u00fcnde y\u00fcr\u00fct\u00fclen kapsaml\u0131 spor projesiyle adeta bir spor merkezine d\u00f6n\u00fc\u015f\u00fcyor. \u0130lkokuldan liseye kadar uzanan tekvando e\u011fitimleri, k\u0131sa s\u00fcre i\u00e7inde 100\u2019den fazla lisansl\u0131 amat\u00f6r sporcu yeti\u015ftirme hedefine kilitlendi.<br \/>\n<br \/>Deneyimli Tekvando Hocas\u0131 Mustafa Ergin rehberli\u011finde ba\u015flayan e\u011fitimler, b\u00fcy\u00fck ilgiyle kar\u015f\u0131lan\u0131yor. Sporun tabana yay\u0131lmas\u0131 amac\u0131yla ilk ad\u0131m, Pazarlar \u0130lkokulu\u2019nda at\u0131ld\u0131. Okul M\u00fcd\u00fcr\u00fc Mustafa Fatih Eren\u2019in destekleriyle ba\u015flayan demo e\u011fitimler, minik \u00f6\u011frencilere disiplin, koordinasyon ve \u00f6zg\u00fcven kazand\u0131rmaya ba\u015flad\u0131. Projenin kapsam\u0131 h\u0131zla geni\u015fliyor. Pazarlar Ortaokulu \u00f6\u011frencilerinin yan\u0131 s\u0131ra, Sofular \u0130lkokulu ve Sofular Ortaokulu\u2019nda da \u00f6n\u00fcm\u00fczdeki hafta demo e\u011fitimleri ba\u015flayacak. Bu e\u011fitimlerle Tekvando, il\u00e7enin d\u00f6rt bir yan\u0131na yay\u0131lm\u0131\u015f olacak.<br \/>\n<br \/>Pazarlar Spor Lisesi Spor Kul\u00fcb\u00fc, bu kurslara kat\u0131lan t\u00fcm \u00f6\u011frencileri lisansl\u0131 amat\u00f6r sporcu kimli\u011fine kavu\u015fturmay\u0131 hedefliyor. Kul\u00fcp, 2026 y\u0131l\u0131n\u0131n ilk ay\u0131nda bu kurslardan yeti\u015fen 100\u2019den fazla lisansl\u0131 tekvandocu sporcusu olan g\u00fc\u00e7l\u00fc bir kul\u00fcp olmay\u0131 ama\u00e7l\u0131yor.<br \/>\n<br \/>Pazarlar Spor Lisesi Okul M\u00fcd\u00fcr\u00fc ve Spor Kul\u00fcb\u00fc Ba\u015fkan\u0131 Muammer G\u00f6kalp yapt\u0131\u011f\u0131 a\u00e7\u0131klamada, projenin vizyonunu \u015fu s\u00f6zlerle aktard\u0131:<br \/>\n<br \/>&#8220;\u0130l\u00e7emizdeki her ya\u015ftan \u00f6\u011frencimizi sporla bulu\u015fturmak, sadece antrenman yapt\u0131rmak de\u011fil, onlara lisansl\u0131 sporcu kimli\u011fi kazand\u0131rarak resmen birer amat\u00f6r sporcu ordusu ortaya \u00e7\u0131karacakt\u0131r. Pazarlar Spor Lisesi olarak ba\u015flatt\u0131\u011f\u0131m\u0131z bu seferberlik, Say\u0131n Kaymakam\u0131m\u0131zdan Belediye Ba\u015fkan\u0131m\u0131za kadar t\u00fcm y\u00f6neticilerimizin deste\u011fiyle kesin ve g\u00fc\u00e7l\u00fc bir ba\u015flang\u0131\u00e7 yapm\u0131\u015ft\u0131r. 2026\u2019n\u0131n ilk ay\u0131nda 100\u2019den fazla lisansl\u0131 sporcumuzla gurur duyaca\u011f\u0131z.&#8221;<br \/>\n<br \/>Projenin ba\u015far\u0131l\u0131 bir \u015fekilde ilerlemesinde ve geni\u015flemesinde eme\u011fi ge\u00e7en t\u00fcm k\u0131ymetli y\u00f6neticilere te\u015fekk\u00fcr edildi. Bu \u00f6nemli destek\u00e7iler aras\u0131nda Pazarlar Kaymakam\u0131 Alper A\u00e7\u0131kg\u00f6z, Pazarlar Belediye Ba\u015fkan\u0131 Bilal Demirci, Pazarlar \u0130l\u00e7e Milli E\u011fitim M\u00fcd\u00fcr\u00fc Abdullah \u00c7al\u0131\u015fkan ve Pazarlar \u0130l\u00e7e Gen\u00e7lik ve Spor M\u00fcd\u00fcr\u00fc Mustafa Sapmaz yer al\u0131yor.<br \/>\n<br \/>Pazarlar Spor Lisesi, sporun g\u00fcc\u00fcyle il\u00e7enin gelece\u011fini daha parlak bir gelece\u011fe ta\u015f\u0131makta kararl\u0131 oldu\u011funu g\u00f6steriyor.<br \/><\/p>\n","protected":false},"excerpt":{"rendered":"<p>K\u00fctahya\u2019n\u0131n Pazarlar il\u00e7esinde, Pazarlar Spor Lisesi\u2019nin \u00f6nc\u00fcl\u00fc\u011f\u00fcnde y\u00fcr\u00fct\u00fclen kapsaml\u0131 spor projesiyle adeta bir spor merkezine d\u00f6n\u00fc\u015f\u00fcyor. \u0130lkokuldan liseye kadar uzanan tekvando e\u011fitimleri, k\u0131sa s\u00fcre i\u00e7inde 100\u2019den fazla lisansl\u0131 amat\u00f6r sporcu yeti\u015ftirme hedefine kilitlendi. Deneyimli Tekvando Hocas\u0131 Mustafa Ergin rehberli\u011finde ba\u015flayan e\u011fitimler, b\u00fcy\u00fck ilgiyle kar\u015f\u0131lan\u0131yor. Sporun tabana yay\u0131lmas\u0131 amac\u0131yla ilk ad\u0131m, Pazarlar \u0130lkokulu\u2019nda at\u0131ld\u0131. Okul M\u00fcd\u00fcr\u00fc&#8230;<\/p>\n","protected":false},"author":1,"featured_media":71484,"comment_status":"open","ping_status":"open","sticky":false,"template":"","format":"standard","meta":{"_crdt_document":"","footnotes":""},"categories":[4],"tags":[],"class_list":["post-71483","post","type-post","status-publish","format-standard","has-post-thumbnail","hentry","category-spor"],"_links":{"self":[{"href":"https:\/\/www.egemtv.com\/index.php?rest_route=\/wp\/v2\/posts\/71483","targetHints":{"allow":["GET"]}}],"collection":[{"href":"https:\/\/www.egemtv.com\/index.php?rest_route=\/wp\/v2\/posts"}],"about":[{"href":"https:\/\/www.egemtv.com\/index.php?rest_route=\/wp\/v2\/types\/post"}],"author":[{"embeddable":true,"href":"https:\/\/www.egemtv.com\/index.php?rest_route=\/wp\/v2\/users\/1"}],"replies":[{"embeddable":true,"href":"https:\/\/www.egemtv.com\/index.php?rest_route=%2Fwp%2Fv2%2Fcomments&post=71483"}],"version-history":[{"count":1,"href":"https:\/\/www.egemtv.com\/index.php?rest_route=\/wp\/v2\/posts\/71483\/revisions"}],"predecessor-version":[{"id":71485,"href":"https:\/\/www.egemtv.com\/index.php?rest_route=\/wp\/v2\/posts\/71483\/revisions\/71485"}],"wp:featuredmedia":[{"embeddable":true,"href":"https:\/\/www.egemtv.com\/index.php?rest_route=\/wp\/v2\/media\/71484"}],"wp:attachment":[{"href":"https:\/\/www.egemtv.com\/index.php?rest_route=%2Fwp%2Fv2%2Fmedia&parent=71483"}],"wp:term":[{"taxonomy":"category","embeddable":true,"href":"https:\/\/www.egemtv.com\/index.php?rest_route=%2Fwp%2Fv2%2Fcategories&post=71483"},{"taxonomy":"post_tag","embeddable":true,"href":"https:\/\/www.egemtv.com\/index.php?rest_route=%2Fwp%2Fv2%2Ftags&post=71483"}],"curies":[{"name":"wp","href":"https:\/\/api.w.org\/{rel}","templated":true}]}}