{"id":71480,"date":"2025-12-02T12:35:32","date_gmt":"2025-12-02T09:35:32","guid":{"rendered":"https:\/\/www.egemtv.com\/?p=71480"},"modified":"2025-12-02T12:35:33","modified_gmt":"2025-12-02T09:35:33","slug":"soke-ovasinda-genel-tarim-sayimi-yuzde-90-seviyesine-ulasti","status":"publish","type":"post","link":"https:\/\/www.egemtv.com\/?p=71480","title":{"rendered":"S\u00f6ke Ovas\u0131\u2019nda \u2018Genel Tar\u0131m Say\u0131m\u0131\u2019 y\u00fczde 90 seviyesine ula\u015ft\u0131"},"content":{"rendered":"<p>Ayd\u0131n\u2019\u0131n \u00f6nemli tar\u0131m merkezlerinden biri olan S\u00f6ke Ovas\u0131\u2019nda, T\u00fcrkiye\u2019nin en kapsaml\u0131 tar\u0131msal envanter \u00e7al\u0131\u015fmas\u0131 olarak nitelendirilen Genel Tar\u0131m Say\u0131m\u0131 s\u00fcr\u00fcyor. Yakla\u015f\u0131k 600 bin dekar \u00fcretim alan\u0131yla \u00fclke tar\u0131m\u0131nda stratejik bir konuma sahip olan S\u00f6ke, say\u0131m \u00e7al\u0131\u015fmalar\u0131nda y\u00fczde 90 seviyesine ula\u015f\u0131ld\u0131.<\/p>\n<p>T\u00dc\u0130K taraf\u0131ndan yap\u0131lan S\u00f6ke \u0130l\u00e7e Tar\u0131m ve Orman M\u00fcd\u00fcrl\u00fc\u011f\u00fc ile S\u00f6ke Ziraat Odas\u0131 taraf\u0131ndan yap\u0131lan say\u0131m kapsam\u0131nda; arazi b\u00fcy\u00fckl\u00fckleri, \u00fcr\u00fcn desenleri, hayvanc\u0131l\u0131k faaliyetleri, sulama durumu, makine ve ekipman park\u0131 gibi ba\u015fl\u0131klarda 300\u2019\u00fcn \u00fczerinde veri toplan\u0131yor. Bitkisel ve\/veya hayvansal \u00fcretim yapan t\u00fcm tar\u0131msal i\u015fletmeler say\u0131m kapsam\u0131na giriyor. Bu y\u00f6n\u00fcyle \u00e7al\u0131\u015fma, hem S\u00f6ke tar\u0131m\u0131n\u0131n mevcut durumunu ortaya koyacak hem de gelece\u011fe y\u00f6nelik planlamalara \u0131\u015f\u0131k tutacak.<\/p>\n<p>\u0130l\u00e7e Tar\u0131m ve Orman M\u00fcd\u00fcrl\u00fc\u011f\u00fc\u2019nden edinilen bilgilere g\u00f6re \u015fu ana kadar say\u0131mda b\u00fcy\u00fck ilerleme kaydedilirken, \u00fcreticilerin s\u00fcrece ilgi g\u00f6sterdi. Say\u0131m \u00e7al\u0131\u015fmalar\u0131n\u0131n 31 Aral\u0131k 2025 tarihine kadar devam edece\u011fini hat\u0131rlat\u0131larak, t\u00fcm \u00fcreticiler kay\u0131t yapt\u0131rmaya davet edildi.<\/p>\n<p>Say\u0131m\u0131n, tar\u0131m politikalar\u0131n\u0131n daha verimli \u015fekilde \u015fekillendirilmesine ve destekleme programlar\u0131n\u0131n do\u011fru planlanmas\u0131na \u00f6nemli katk\u0131 sa\u011flayaca\u011f\u0131 belirtildi.<br \/><\/p>\n","protected":false},"excerpt":{"rendered":"<p>Ayd\u0131n\u2019\u0131n \u00f6nemli tar\u0131m merkezlerinden biri olan S\u00f6ke Ovas\u0131\u2019nda, T\u00fcrkiye\u2019nin en kapsaml\u0131 tar\u0131msal envanter \u00e7al\u0131\u015fmas\u0131 olarak nitelendirilen Genel Tar\u0131m Say\u0131m\u0131 s\u00fcr\u00fcyor. Yakla\u015f\u0131k 600 bin dekar \u00fcretim alan\u0131yla \u00fclke tar\u0131m\u0131nda stratejik bir konuma sahip olan S\u00f6ke, say\u0131m \u00e7al\u0131\u015fmalar\u0131nda y\u00fczde 90 seviyesine ula\u015f\u0131ld\u0131. T\u00dc\u0130K taraf\u0131ndan yap\u0131lan S\u00f6ke \u0130l\u00e7e Tar\u0131m ve Orman M\u00fcd\u00fcrl\u00fc\u011f\u00fc ile S\u00f6ke Ziraat Odas\u0131 taraf\u0131ndan yap\u0131lan&#8230;<\/p>\n","protected":false},"author":1,"featured_media":71481,"comment_status":"open","ping_status":"open","sticky":false,"template":"","format":"standard","meta":{"_crdt_document":"","footnotes":""},"categories":[125],"tags":[],"class_list":["post-71480","post","type-post","status-publish","format-standard","has-post-thumbnail","hentry","category-ekonomi"],"_links":{"self":[{"href":"https:\/\/www.egemtv.com\/index.php?rest_route=\/wp\/v2\/posts\/71480","targetHints":{"allow":["GET"]}}],"collection":[{"href":"https:\/\/www.egemtv.com\/index.php?rest_route=\/wp\/v2\/posts"}],"about":[{"href":"https:\/\/www.egemtv.com\/index.php?rest_route=\/wp\/v2\/types\/post"}],"author":[{"embeddable":true,"href":"https:\/\/www.egemtv.com\/index.php?rest_route=\/wp\/v2\/users\/1"}],"replies":[{"embeddable":true,"href":"https:\/\/www.egemtv.com\/index.php?rest_route=%2Fwp%2Fv2%2Fcomments&post=71480"}],"version-history":[{"count":1,"href":"https:\/\/www.egemtv.com\/index.php?rest_route=\/wp\/v2\/posts\/71480\/revisions"}],"predecessor-version":[{"id":71482,"href":"https:\/\/www.egemtv.com\/index.php?rest_route=\/wp\/v2\/posts\/71480\/revisions\/71482"}],"wp:featuredmedia":[{"embeddable":true,"href":"https:\/\/www.egemtv.com\/index.php?rest_route=\/wp\/v2\/media\/71481"}],"wp:attachment":[{"href":"https:\/\/www.egemtv.com\/index.php?rest_route=%2Fwp%2Fv2%2Fmedia&parent=71480"}],"wp:term":[{"taxonomy":"category","embeddable":true,"href":"https:\/\/www.egemtv.com\/index.php?rest_route=%2Fwp%2Fv2%2Fcategories&post=71480"},{"taxonomy":"post_tag","embeddable":true,"href":"https:\/\/www.egemtv.com\/index.php?rest_route=%2Fwp%2Fv2%2Ftags&post=71480"}],"curies":[{"name":"wp","href":"https:\/\/api.w.org\/{rel}","templated":true}]}}