{"id":71477,"date":"2025-12-02T12:14:46","date_gmt":"2025-12-02T09:14:46","guid":{"rendered":"https:\/\/www.egemtv.com\/?p=71477"},"modified":"2025-12-02T12:14:47","modified_gmt":"2025-12-02T09:14:47","slug":"altintasta-asayis-toplantisi","status":"publish","type":"post","link":"https:\/\/www.egemtv.com\/?p=71477","title":{"rendered":"Alt\u0131nta\u015f\u2019ta asayi\u015f toplant\u0131s\u0131"},"content":{"rendered":"<p>K\u00fctahya\u2019n\u0131n Alt\u0131nta\u015f il\u00e7esinde Kaymakam Ay\u015feg\u00fcl Y\u0131ld\u0131r\u0131m\u2019\u0131n ba\u015fkanl\u0131\u011f\u0131nda yap\u0131lan asayi\u015f toplant\u0131s\u0131nda, il\u00e7enin huzur dokusunu g\u00fc\u00e7l\u00fc tutan mevcut \u00e7al\u0131\u015fmalar masaya yat\u0131r\u0131ld\u0131.<br \/>\n<br \/>Toplant\u0131da, il\u00e7e genelinde huzur ve g\u00fcvenli\u011fin sa\u011flanmas\u0131na y\u00f6nelik mevcut \u00e7al\u0131\u015fmalar de\u011ferlendirilerek, gelece\u011fe d\u00f6n\u00fck al\u0131nacak tedbirler ve kurumlar aras\u0131 koordinasyon konular\u0131 g\u00f6r\u00fc\u015f\u00fcld\u00fc.<br \/><\/p>\n","protected":false},"excerpt":{"rendered":"<p>K\u00fctahya\u2019n\u0131n Alt\u0131nta\u015f il\u00e7esinde Kaymakam Ay\u015feg\u00fcl Y\u0131ld\u0131r\u0131m\u2019\u0131n ba\u015fkanl\u0131\u011f\u0131nda yap\u0131lan asayi\u015f toplant\u0131s\u0131nda, il\u00e7enin huzur dokusunu g\u00fc\u00e7l\u00fc tutan mevcut \u00e7al\u0131\u015fmalar masaya yat\u0131r\u0131ld\u0131. Toplant\u0131da, il\u00e7e genelinde huzur ve g\u00fcvenli\u011fin sa\u011flanmas\u0131na y\u00f6nelik mevcut \u00e7al\u0131\u015fmalar de\u011ferlendirilerek, gelece\u011fe d\u00f6n\u00fck al\u0131nacak tedbirler ve kurumlar aras\u0131 koordinasyon konular\u0131 g\u00f6r\u00fc\u015f\u00fcld\u00fc.<\/p>\n","protected":false},"author":1,"featured_media":71478,"comment_status":"open","ping_status":"open","sticky":false,"template":"","format":"standard","meta":{"_crdt_document":"","footnotes":""},"categories":[5],"tags":[],"class_list":["post-71477","post","type-post","status-publish","format-standard","has-post-thumbnail","hentry","category-asayis"],"_links":{"self":[{"href":"https:\/\/www.egemtv.com\/index.php?rest_route=\/wp\/v2\/posts\/71477","targetHints":{"allow":["GET"]}}],"collection":[{"href":"https:\/\/www.egemtv.com\/index.php?rest_route=\/wp\/v2\/posts"}],"about":[{"href":"https:\/\/www.egemtv.com\/index.php?rest_route=\/wp\/v2\/types\/post"}],"author":[{"embeddable":true,"href":"https:\/\/www.egemtv.com\/index.php?rest_route=\/wp\/v2\/users\/1"}],"replies":[{"embeddable":true,"href":"https:\/\/www.egemtv.com\/index.php?rest_route=%2Fwp%2Fv2%2Fcomments&post=71477"}],"version-history":[{"count":1,"href":"https:\/\/www.egemtv.com\/index.php?rest_route=\/wp\/v2\/posts\/71477\/revisions"}],"predecessor-version":[{"id":71479,"href":"https:\/\/www.egemtv.com\/index.php?rest_route=\/wp\/v2\/posts\/71477\/revisions\/71479"}],"wp:featuredmedia":[{"embeddable":true,"href":"https:\/\/www.egemtv.com\/index.php?rest_route=\/wp\/v2\/media\/71478"}],"wp:attachment":[{"href":"https:\/\/www.egemtv.com\/index.php?rest_route=%2Fwp%2Fv2%2Fmedia&parent=71477"}],"wp:term":[{"taxonomy":"category","embeddable":true,"href":"https:\/\/www.egemtv.com\/index.php?rest_route=%2Fwp%2Fv2%2Fcategories&post=71477"},{"taxonomy":"post_tag","embeddable":true,"href":"https:\/\/www.egemtv.com\/index.php?rest_route=%2Fwp%2Fv2%2Ftags&post=71477"}],"curies":[{"name":"wp","href":"https:\/\/api.w.org\/{rel}","templated":true}]}}