{"id":71474,"date":"2025-12-02T11:54:56","date_gmt":"2025-12-02T08:54:56","guid":{"rendered":"https:\/\/www.egemtv.com\/?p=71474"},"modified":"2025-12-02T11:54:57","modified_gmt":"2025-12-02T08:54:57","slug":"germencikte-temizlik-ve-bakim-seferberligi","status":"publish","type":"post","link":"https:\/\/www.egemtv.com\/?p=71474","title":{"rendered":"Germencik\u2019te temizlik ve bak\u0131m seferberli\u011fi"},"content":{"rendered":"<p>Germencik Belediye Ba\u015fkan\u0131 Burak Zencirci, il\u00e7enin d\u00f6rt bir yan\u0131nda s\u00fcren temizlik ve d\u00fczenleme \u00e7al\u0131\u015fmalar\u0131na dikkat \u00e7ekerek &#8220;En b\u00fcy\u00fck temizlik kirletmemektir&#8221; diyerek vatanda\u015flara duyarl\u0131l\u0131k \u00e7a\u011fr\u0131s\u0131nda bulundu.<\/p>\n<p>Germencik Belediye Ba\u015fkan\u0131 Burak Zencirci, il\u00e7enin genelinde y\u00fcr\u00fct\u00fclen temizlik ve bak\u0131m \u00e7al\u0131\u015fmalar\u0131yla ilgili a\u00e7\u0131klamalarda bulunarak \u00e7a\u011fr\u0131da bulundu. Belediye ekiplerinin parklar, ye\u015fil alanlar ve sokaklarda gece g\u00fcnd\u00fcz demeden \u00e7al\u0131\u015ft\u0131\u011f\u0131n\u0131 belirten Ba\u015fkan Zencirci, baz\u0131 vatanda\u015flar\u0131n geli\u015fig\u00fczel b\u0131rakt\u0131\u011f\u0131 at\u0131klar\u0131n il\u00e7enin g\u00f6r\u00fcn\u00fcm\u00fcn\u00fc olumsuz etkiledi\u011fine dikkat \u00e7ekti.<\/p>\n<p>Ba\u015fkan Zencirci, &#8220;Ekiplerimiz il\u00e7emizin d\u00f6rt bir yan\u0131nda titizlikle temizlik ve d\u00fczenleme \u00e7al\u0131\u015fmalar\u0131 y\u00fcr\u00fct\u00fcyor. Ancak kar\u015f\u0131la\u015ft\u0131\u011f\u0131m\u0131z baz\u0131 manzaralar ne g\u00fczel Germencik\u2019imize ne de harcanan eme\u011fe yak\u0131\u015f\u0131yor. Soka\u011fa b\u0131rak\u0131lan her at\u0131k, sadece \u00e7evre kirlili\u011fi de\u011fil il\u00e7emizin esteti\u011fine vurulmu\u015f bir darbedir. Daha temiz ve daha ya\u015fanabilir bir Germencik i\u00e7in l\u00fctfen duyarl\u0131 olal\u0131m&#8221; ifadelerini kulland\u0131.<\/p>\n<p>Eski e\u015fya ve molozlar\u0131n rastgele sokaklara b\u0131rak\u0131lmas\u0131 yerine belediyeye bildirilmesi gerekti\u011fini vurgulayan Zencirci, &#8220;Biz m\u00fctemadiyen temizlemeye devam edece\u011fiz ama en b\u00fcy\u00fck temizlik kirletmemektir&#8221; diyerek \u00e7a\u011fr\u0131da bulundu.<\/p>\n<p>Park ve Bah\u00e7eler M\u00fcd\u00fcrl\u00fc\u011f\u00fc ekiplerinin il\u00e7enin genelinde kapsaml\u0131 budama, temizlik ve d\u00fczenleme \u00e7al\u0131\u015fmalar\u0131 ger\u00e7ekle\u015ftirdi\u011fini belirten Zencirci, vatanda\u015flara daha ferah, bak\u0131ml\u0131 ve d\u00fczenli ya\u015fam alanlar\u0131 sunmak i\u00e7in \u00e7al\u0131\u015fmalar\u0131n aral\u0131ks\u0131z s\u00fcrd\u00fc\u011f\u00fcn\u00fc s\u00f6yledi.<br \/><\/p>\n","protected":false},"excerpt":{"rendered":"<p>Germencik Belediye Ba\u015fkan\u0131 Burak Zencirci, il\u00e7enin d\u00f6rt bir yan\u0131nda s\u00fcren temizlik ve d\u00fczenleme \u00e7al\u0131\u015fmalar\u0131na dikkat \u00e7ekerek &#8220;En b\u00fcy\u00fck temizlik kirletmemektir&#8221; diyerek vatanda\u015flara duyarl\u0131l\u0131k \u00e7a\u011fr\u0131s\u0131nda bulundu. Germencik Belediye Ba\u015fkan\u0131 Burak Zencirci, il\u00e7enin genelinde y\u00fcr\u00fct\u00fclen temizlik ve bak\u0131m \u00e7al\u0131\u015fmalar\u0131yla ilgili a\u00e7\u0131klamalarda bulunarak \u00e7a\u011fr\u0131da bulundu. Belediye ekiplerinin parklar, ye\u015fil alanlar ve sokaklarda gece g\u00fcnd\u00fcz demeden \u00e7al\u0131\u015ft\u0131\u011f\u0131n\u0131 belirten Ba\u015fkan&#8230;<\/p>\n","protected":false},"author":1,"featured_media":71475,"comment_status":"open","ping_status":"open","sticky":false,"template":"","format":"standard","meta":{"_crdt_document":"","footnotes":""},"categories":[1],"tags":[],"class_list":["post-71474","post","type-post","status-publish","format-standard","has-post-thumbnail","hentry","category-guncel"],"_links":{"self":[{"href":"https:\/\/www.egemtv.com\/index.php?rest_route=\/wp\/v2\/posts\/71474","targetHints":{"allow":["GET"]}}],"collection":[{"href":"https:\/\/www.egemtv.com\/index.php?rest_route=\/wp\/v2\/posts"}],"about":[{"href":"https:\/\/www.egemtv.com\/index.php?rest_route=\/wp\/v2\/types\/post"}],"author":[{"embeddable":true,"href":"https:\/\/www.egemtv.com\/index.php?rest_route=\/wp\/v2\/users\/1"}],"replies":[{"embeddable":true,"href":"https:\/\/www.egemtv.com\/index.php?rest_route=%2Fwp%2Fv2%2Fcomments&post=71474"}],"version-history":[{"count":1,"href":"https:\/\/www.egemtv.com\/index.php?rest_route=\/wp\/v2\/posts\/71474\/revisions"}],"predecessor-version":[{"id":71476,"href":"https:\/\/www.egemtv.com\/index.php?rest_route=\/wp\/v2\/posts\/71474\/revisions\/71476"}],"wp:featuredmedia":[{"embeddable":true,"href":"https:\/\/www.egemtv.com\/index.php?rest_route=\/wp\/v2\/media\/71475"}],"wp:attachment":[{"href":"https:\/\/www.egemtv.com\/index.php?rest_route=%2Fwp%2Fv2%2Fmedia&parent=71474"}],"wp:term":[{"taxonomy":"category","embeddable":true,"href":"https:\/\/www.egemtv.com\/index.php?rest_route=%2Fwp%2Fv2%2Fcategories&post=71474"},{"taxonomy":"post_tag","embeddable":true,"href":"https:\/\/www.egemtv.com\/index.php?rest_route=%2Fwp%2Fv2%2Ftags&post=71474"}],"curies":[{"name":"wp","href":"https:\/\/api.w.org\/{rel}","templated":true}]}}