{"id":71303,"date":"2025-12-01T15:55:29","date_gmt":"2025-12-01T12:55:29","guid":{"rendered":"https:\/\/www.egemtv.com\/?p=71303"},"modified":"2025-12-01T15:55:29","modified_gmt":"2025-12-01T12:55:29","slug":"manisa-muaythai-takimi-madalyalara-ambargo-koydu","status":"publish","type":"post","link":"https:\/\/www.egemtv.com\/?p=71303","title":{"rendered":"Manisa Muaythai Tak\u0131m\u0131 madalyalara ambargo koydu"},"content":{"rendered":"<p>Manisa B\u00fcy\u00fck\u015fehir Belediyesi destekli 41 sporcu, \u0130zmir\u2019deki 10 Kas\u0131m Atat\u00fcrk\u2019\u00fc Anma Muaythai \u015eampiyonas\u0131\u2019nda 15 birincilik, 12 ikincilik ve 13 \u00fc\u00e7\u00fcnc\u00fcl\u00fck madalyas\u0131 kazanarak b\u00fcy\u00fck bir ba\u015far\u0131ya imza att\u0131.<br \/>\n<br \/>Manisa B\u00fcy\u00fck\u015fehir Belediyesi\u2019nin destekledi\u011fi Manisa Muaythai tak\u0131m\u0131, \u0130zmir\u2019de d\u00fczenlenen 10 Kas\u0131m Atat\u00fcrk\u2019\u00fc Anma \u0130ller aras\u0131 Muaythai \u015eampiyonas\u0131\u2019nda b\u00fcy\u00fck ba\u015far\u0131 elde etti. Ala\u015fehir, Turgutlu, Salihli, \u015eehzadeler, Yunusemre ve Saruhanl\u0131\u2019dan 41 sporcunun kat\u0131ld\u0131\u011f\u0131 turnuvada Manisal\u0131 sporcular, 15 birincilik, 12 ikincilik ve 13 \u00fc\u00e7\u00fcnc\u00fcl\u00fck madalyas\u0131 olmak \u00fczere toplam 40 madalya kazand\u0131.<br \/>\n<br \/>Manisa Muaythai \u0130l Temsilcisi Ahmet E. Demiraslan, 28-30 Kas\u0131m 2025 tarihleri aras\u0131nda Menderes\u2019te yap\u0131lan \u015fampiyonaya 11 ilden 450 sporcunun kat\u0131ld\u0131\u011f\u0131n\u0131 belirterek, &#8220;Merkez ve il\u00e7elerimizden kat\u0131lan sporcular\u0131m\u0131za ula\u015f\u0131m deste\u011fi veren B\u00fcy\u00fck\u015fehir Belediye Ba\u015fkan\u0131m\u0131z Say\u0131n Besim Dutlulu\u2019ya, Manisa B\u00fcy\u00fck\u015fehir Belediyesi Spor Kul\u00fcb\u00fc ve y\u00f6netimine te\u015fekk\u00fcr ederiz. B\u00f6ylesine anlaml\u0131 bir g\u00fcn ad\u0131na yap\u0131lan \u015fampiyonada Manisal\u0131 sporcular\u0131m\u0131z\u0131n kazand\u0131\u011f\u0131 t\u00fcm madalyalar\u0131 Manisa halk\u0131na arma\u011fan ediyoruz.&#8221; dedi.<br \/><\/p>\n","protected":false},"excerpt":{"rendered":"<p>Manisa B\u00fcy\u00fck\u015fehir Belediyesi destekli 41 sporcu, \u0130zmir\u2019deki 10 Kas\u0131m Atat\u00fcrk\u2019\u00fc Anma Muaythai \u015eampiyonas\u0131\u2019nda 15 birincilik, 12 ikincilik ve 13 \u00fc\u00e7\u00fcnc\u00fcl\u00fck madalyas\u0131 kazanarak b\u00fcy\u00fck bir ba\u015far\u0131ya imza att\u0131. Manisa B\u00fcy\u00fck\u015fehir Belediyesi\u2019nin destekledi\u011fi Manisa Muaythai tak\u0131m\u0131, \u0130zmir\u2019de d\u00fczenlenen 10 Kas\u0131m Atat\u00fcrk\u2019\u00fc Anma \u0130ller aras\u0131 Muaythai \u015eampiyonas\u0131\u2019nda b\u00fcy\u00fck ba\u015far\u0131 elde etti. Ala\u015fehir, Turgutlu, Salihli, \u015eehzadeler, Yunusemre ve Saruhanl\u0131\u2019dan&#8230;<\/p>\n","protected":false},"author":1,"featured_media":71304,"comment_status":"open","ping_status":"open","sticky":false,"template":"","format":"standard","meta":{"_crdt_document":"","footnotes":""},"categories":[4],"tags":[],"class_list":["post-71303","post","type-post","status-publish","format-standard","has-post-thumbnail","hentry","category-spor"],"_links":{"self":[{"href":"https:\/\/www.egemtv.com\/index.php?rest_route=\/wp\/v2\/posts\/71303","targetHints":{"allow":["GET"]}}],"collection":[{"href":"https:\/\/www.egemtv.com\/index.php?rest_route=\/wp\/v2\/posts"}],"about":[{"href":"https:\/\/www.egemtv.com\/index.php?rest_route=\/wp\/v2\/types\/post"}],"author":[{"embeddable":true,"href":"https:\/\/www.egemtv.com\/index.php?rest_route=\/wp\/v2\/users\/1"}],"replies":[{"embeddable":true,"href":"https:\/\/www.egemtv.com\/index.php?rest_route=%2Fwp%2Fv2%2Fcomments&post=71303"}],"version-history":[{"count":1,"href":"https:\/\/www.egemtv.com\/index.php?rest_route=\/wp\/v2\/posts\/71303\/revisions"}],"predecessor-version":[{"id":71305,"href":"https:\/\/www.egemtv.com\/index.php?rest_route=\/wp\/v2\/posts\/71303\/revisions\/71305"}],"wp:featuredmedia":[{"embeddable":true,"href":"https:\/\/www.egemtv.com\/index.php?rest_route=\/wp\/v2\/media\/71304"}],"wp:attachment":[{"href":"https:\/\/www.egemtv.com\/index.php?rest_route=%2Fwp%2Fv2%2Fmedia&parent=71303"}],"wp:term":[{"taxonomy":"category","embeddable":true,"href":"https:\/\/www.egemtv.com\/index.php?rest_route=%2Fwp%2Fv2%2Fcategories&post=71303"},{"taxonomy":"post_tag","embeddable":true,"href":"https:\/\/www.egemtv.com\/index.php?rest_route=%2Fwp%2Fv2%2Ftags&post=71303"}],"curies":[{"name":"wp","href":"https:\/\/api.w.org\/{rel}","templated":true}]}}