{"id":71300,"date":"2025-12-01T15:34:48","date_gmt":"2025-12-01T12:34:48","guid":{"rendered":"https:\/\/www.egemtv.com\/?p=71300"},"modified":"2025-12-01T15:34:49","modified_gmt":"2025-12-01T12:34:49","slug":"cevreyi-kirleten-isletme-hakkinda-yasal-islem-baslatildi","status":"publish","type":"post","link":"https:\/\/www.egemtv.com\/?p=71300","title":{"rendered":"\u00c7evreyi kirleten i\u015fletme hakk\u0131nda yasal i\u015flem ba\u015flat\u0131ld\u0131"},"content":{"rendered":"<p>Manisa\u2019n\u0131n Saruhanl\u0131 il\u00e7esinde yap\u0131lan denetimlerde bir i\u015fletmenin at\u0131k sular\u0131n\u0131 usuls\u00fcz \u015fekilde Devlet Su \u0130\u015fleri (DS\u0130) kanal\u0131na bo\u015faltt\u0131\u011f\u0131 tespit edildi. \u0130\u015fletme hakk\u0131nda yasal i\u015flem ba\u015flat\u0131ld\u0131\u011f\u0131 \u00f6\u011frenildi.<br \/>\n<br \/>Manisa B\u00fcy\u00fck\u015fehir Belediyesi \u0130klim De\u011fi\u015fikli\u011fi ve S\u0131f\u0131r At\u0131k Dairesi Ba\u015fkanl\u0131\u011f\u0131 ekipleri taraf\u0131ndan ger\u00e7ekle\u015ftirilen denetimler s\u0131ras\u0131nda Saruhanl\u0131 il\u00e7esinde faaliyet g\u00f6steren bir i\u015fletmenin at\u0131k suyunu DS\u0130 kanal\u0131na izinsiz bo\u015faltt\u0131\u011f\u0131 belirlendi. \u0130klim Zab\u0131tas\u0131 ekipleri, jandarma ile koordineli bir \u015fekilde n\u00f6bet\u00e7i savc\u0131l\u0131\u011f\u0131n talimat\u0131yla gerekli birimlere konuyu ileterek yasal i\u015flemlerin ba\u015flat\u0131lmas\u0131n\u0131 sa\u011flad\u0131.<br \/><\/p>\n","protected":false},"excerpt":{"rendered":"<p>Manisa\u2019n\u0131n Saruhanl\u0131 il\u00e7esinde yap\u0131lan denetimlerde bir i\u015fletmenin at\u0131k sular\u0131n\u0131 usuls\u00fcz \u015fekilde Devlet Su \u0130\u015fleri (DS\u0130) kanal\u0131na bo\u015faltt\u0131\u011f\u0131 tespit edildi. \u0130\u015fletme hakk\u0131nda yasal i\u015flem ba\u015flat\u0131ld\u0131\u011f\u0131 \u00f6\u011frenildi. Manisa B\u00fcy\u00fck\u015fehir Belediyesi \u0130klim De\u011fi\u015fikli\u011fi ve S\u0131f\u0131r At\u0131k Dairesi Ba\u015fkanl\u0131\u011f\u0131 ekipleri taraf\u0131ndan ger\u00e7ekle\u015ftirilen denetimler s\u0131ras\u0131nda Saruhanl\u0131 il\u00e7esinde faaliyet g\u00f6steren bir i\u015fletmenin at\u0131k suyunu DS\u0130 kanal\u0131na izinsiz bo\u015faltt\u0131\u011f\u0131 belirlendi. \u0130klim Zab\u0131tas\u0131&#8230;<\/p>\n","protected":false},"author":1,"featured_media":71301,"comment_status":"open","ping_status":"open","sticky":false,"template":"","format":"standard","meta":{"_crdt_document":"","footnotes":""},"categories":[5],"tags":[],"class_list":["post-71300","post","type-post","status-publish","format-standard","has-post-thumbnail","hentry","category-asayis"],"_links":{"self":[{"href":"https:\/\/www.egemtv.com\/index.php?rest_route=\/wp\/v2\/posts\/71300","targetHints":{"allow":["GET"]}}],"collection":[{"href":"https:\/\/www.egemtv.com\/index.php?rest_route=\/wp\/v2\/posts"}],"about":[{"href":"https:\/\/www.egemtv.com\/index.php?rest_route=\/wp\/v2\/types\/post"}],"author":[{"embeddable":true,"href":"https:\/\/www.egemtv.com\/index.php?rest_route=\/wp\/v2\/users\/1"}],"replies":[{"embeddable":true,"href":"https:\/\/www.egemtv.com\/index.php?rest_route=%2Fwp%2Fv2%2Fcomments&post=71300"}],"version-history":[{"count":1,"href":"https:\/\/www.egemtv.com\/index.php?rest_route=\/wp\/v2\/posts\/71300\/revisions"}],"predecessor-version":[{"id":71302,"href":"https:\/\/www.egemtv.com\/index.php?rest_route=\/wp\/v2\/posts\/71300\/revisions\/71302"}],"wp:featuredmedia":[{"embeddable":true,"href":"https:\/\/www.egemtv.com\/index.php?rest_route=\/wp\/v2\/media\/71301"}],"wp:attachment":[{"href":"https:\/\/www.egemtv.com\/index.php?rest_route=%2Fwp%2Fv2%2Fmedia&parent=71300"}],"wp:term":[{"taxonomy":"category","embeddable":true,"href":"https:\/\/www.egemtv.com\/index.php?rest_route=%2Fwp%2Fv2%2Fcategories&post=71300"},{"taxonomy":"post_tag","embeddable":true,"href":"https:\/\/www.egemtv.com\/index.php?rest_route=%2Fwp%2Fv2%2Ftags&post=71300"}],"curies":[{"name":"wp","href":"https:\/\/api.w.org\/{rel}","templated":true}]}}