{"id":71297,"date":"2025-12-01T15:34:47","date_gmt":"2025-12-01T12:34:47","guid":{"rendered":"https:\/\/www.egemtv.com\/?p=71297"},"modified":"2025-12-01T15:34:48","modified_gmt":"2025-12-01T12:34:48","slug":"merkezefendi-5-engelsiz-fest-basliyor","status":"publish","type":"post","link":"https:\/\/www.egemtv.com\/?p=71297","title":{"rendered":"Merkezefendi 5. Engelsiz Fest ba\u015fl\u0131yor"},"content":{"rendered":"<p>Merkezefendi Belediyesi, 3 Aral\u0131k D\u00fcnya Engelliler G\u00fcn\u00fc dolay\u0131s\u0131yla be\u015finci kez \u2018Engelsiz Fest\u2019 d\u00fczenliyor.<br \/>\n<br \/>Merkezefendi Belediyesince d\u00fczenlenen \u2018Engelsiz Fest\u2019in be\u015fincisi bu y\u0131l da ger\u00e7ekle\u015ftirilecek. Etkinlik, 2 Aral\u0131k Sal\u0131 g\u00fcn\u00fc Merkezefendi K\u00fclt\u00fcr Merkezi\u2019nde yap\u0131lacak. Festival, 2 Aral\u0131k Sal\u0131 g\u00fcn\u00fc saat 10.00\u2019da Merkezefendi K\u00fclt\u00fcr Merkezi\u2019nde y\u00fcr\u00fcy\u00fc\u015f (Yeni\u015fehir Y\u00fcr\u00fcy\u00fc\u015f Yolu\u2019nda) ile ba\u015flayacak. Y\u00fcr\u00fcy\u00fc\u015f\u00fcn ard\u0131ndan program a\u00e7\u0131l\u0131\u015f\u0131 11.00\u2019de ger\u00e7ekle\u015ftirilecek. Saat 12.00\u2019de Engelsiz Ya\u015fam Akademisi\u2019nde e\u011fitim g\u00f6ren \u00f6zel bireyler Performans G\u00f6sterisi d\u00fczenleyecek. Saat 14.00\u2019te ikinci kez d\u00fczenlenecek olan \u2018Engelsiz Survivor ile heyecanl\u0131 bir yar\u0131\u015f ba\u015flayacak. Saat 16.00\u2019da ise Merkezefendi Belediye Orkestras\u0131 Konseri ile etkinlik sona erecek.<\/p>\n<p>&#8220;Engelsiz ya\u015fama birlikte de\u011fer kat\u0131yoruz&#8221;<br \/>\n<br \/>Engelliler G\u00fcn\u00fc kapsam\u0131nda fark\u0131ndal\u0131\u011f\u0131 g\u00fc\u00e7lendirmek ad\u0131na her y\u0131l \u00f6zel programlar haz\u0131rlad\u0131klar\u0131n\u0131 ifade eden Ba\u015fkan Do\u011fan, &#8220;Bu y\u0131l \u2018Engelsiz Fest\u2019imizi be\u015finci kez d\u00fczenlemenin heyecan\u0131n\u0131 ya\u015f\u0131yoruz. T\u00fcm projelerimizde \u00f6zel bireylerimizi merkeze al\u0131yor, onlar\u0131n ihtiya\u00e7lar\u0131na g\u00f6re ad\u0131mlar at\u0131yoruz. \u0130l\u00e7emizi, \u00f6zel bireylerimizin ya\u015fam\u0131n her alan\u0131na e\u015fit \u015fekilde kat\u0131labilece\u011fi bir yer haline getirmek i\u00e7in kararl\u0131l\u0131kla \u00e7al\u0131\u015f\u0131yoruz. Engelsiz Ya\u015fam Akademimizde e\u011fitim alan her bir \u00f6zel birey bizler i\u00e7in \u00e7ok k\u0131ymetli. Onlar\u0131n mutlu, \u00f6zg\u00fcvenli ve sosyal bir hayat s\u00fcrmesi en b\u00fcy\u00fck \u00f6nceli\u011fimiz. G\u00fcn boyunca renkli, e\u011flenceli ve dolu dolu etkinliklerle ger\u00e7ekle\u015fecek festivalimize t\u00fcm hem\u015fehrilerimizi davet ediyoruz&#8221; dedi.<br \/><\/p>\n","protected":false},"excerpt":{"rendered":"<p>Merkezefendi Belediyesi, 3 Aral\u0131k D\u00fcnya Engelliler G\u00fcn\u00fc dolay\u0131s\u0131yla be\u015finci kez \u2018Engelsiz Fest\u2019 d\u00fczenliyor. Merkezefendi Belediyesince d\u00fczenlenen \u2018Engelsiz Fest\u2019in be\u015fincisi bu y\u0131l da ger\u00e7ekle\u015ftirilecek. Etkinlik, 2 Aral\u0131k Sal\u0131 g\u00fcn\u00fc Merkezefendi K\u00fclt\u00fcr Merkezi\u2019nde yap\u0131lacak. Festival, 2 Aral\u0131k Sal\u0131 g\u00fcn\u00fc saat 10.00\u2019da Merkezefendi K\u00fclt\u00fcr Merkezi\u2019nde y\u00fcr\u00fcy\u00fc\u015f (Yeni\u015fehir Y\u00fcr\u00fcy\u00fc\u015f Yolu\u2019nda) ile ba\u015flayacak. Y\u00fcr\u00fcy\u00fc\u015f\u00fcn ard\u0131ndan program a\u00e7\u0131l\u0131\u015f\u0131 11.00\u2019de ger\u00e7ekle\u015ftirilecek. Saat&#8230;<\/p>\n","protected":false},"author":1,"featured_media":71298,"comment_status":"open","ping_status":"open","sticky":false,"template":"","format":"standard","meta":{"_crdt_document":"","footnotes":""},"categories":[1],"tags":[],"class_list":["post-71297","post","type-post","status-publish","format-standard","has-post-thumbnail","hentry","category-guncel"],"_links":{"self":[{"href":"https:\/\/www.egemtv.com\/index.php?rest_route=\/wp\/v2\/posts\/71297","targetHints":{"allow":["GET"]}}],"collection":[{"href":"https:\/\/www.egemtv.com\/index.php?rest_route=\/wp\/v2\/posts"}],"about":[{"href":"https:\/\/www.egemtv.com\/index.php?rest_route=\/wp\/v2\/types\/post"}],"author":[{"embeddable":true,"href":"https:\/\/www.egemtv.com\/index.php?rest_route=\/wp\/v2\/users\/1"}],"replies":[{"embeddable":true,"href":"https:\/\/www.egemtv.com\/index.php?rest_route=%2Fwp%2Fv2%2Fcomments&post=71297"}],"version-history":[{"count":1,"href":"https:\/\/www.egemtv.com\/index.php?rest_route=\/wp\/v2\/posts\/71297\/revisions"}],"predecessor-version":[{"id":71299,"href":"https:\/\/www.egemtv.com\/index.php?rest_route=\/wp\/v2\/posts\/71297\/revisions\/71299"}],"wp:featuredmedia":[{"embeddable":true,"href":"https:\/\/www.egemtv.com\/index.php?rest_route=\/wp\/v2\/media\/71298"}],"wp:attachment":[{"href":"https:\/\/www.egemtv.com\/index.php?rest_route=%2Fwp%2Fv2%2Fmedia&parent=71297"}],"wp:term":[{"taxonomy":"category","embeddable":true,"href":"https:\/\/www.egemtv.com\/index.php?rest_route=%2Fwp%2Fv2%2Fcategories&post=71297"},{"taxonomy":"post_tag","embeddable":true,"href":"https:\/\/www.egemtv.com\/index.php?rest_route=%2Fwp%2Fv2%2Ftags&post=71297"}],"curies":[{"name":"wp","href":"https:\/\/api.w.org\/{rel}","templated":true}]}}