{"id":71294,"date":"2025-12-01T15:14:48","date_gmt":"2025-12-01T12:14:48","guid":{"rendered":"https:\/\/www.egemtv.com\/?p=71294"},"modified":"2025-12-01T15:14:49","modified_gmt":"2025-12-01T12:14:49","slug":"yurtlar-arasi-spor-turnuvasi-basladi","status":"publish","type":"post","link":"https:\/\/www.egemtv.com\/?p=71294","title":{"rendered":"Yurtlar Aras\u0131 Spor Turnuvas\u0131  ba\u015flad\u0131"},"content":{"rendered":"<p>Yurtlig Yurtlar Aras\u0131 Spor Turnuvas\u0131, K\u0131n\u0131kl\u0131 Spor Kompleksi\u2019nde ger\u00e7ekle\u015fen seremoninin ard\u0131ndan start ald\u0131. 01-21 Aral\u0131k tarihleri aras\u0131nda 7 farkl\u0131 bran\u015fta ger\u00e7ekle\u015fecek turnuvada Denizli GSB Yurtlar\u0131ndan 572 sporcu m\u00fccadele edecek.<\/p>\n<p>Gen\u00e7lik ve Spor Bakanl\u0131\u011f\u0131n\u0131n koordinesinde d\u00fczenlenen Yurtlig yar\u0131\u015fmalar\u0131, K\u0131n\u0131kl\u0131 Spor Kompleksi\u2019nde ger\u00e7ekle\u015fen a\u00e7\u0131l\u0131\u015f seremonisiyle ba\u015flad\u0131. 01-21 Aral\u0131k 2025 tarihleri aras\u0131nda devam edecek turnuvada, Denizli GSB yurtlar\u0131ndan toplam 572 sporcu m\u00fccadele edecek.<\/p>\n<p>Denizli Gen\u00e7lik ve Spor \u0130l M\u00fcd\u00fcrl\u00fc\u011f\u00fc taraf\u0131ndan organize edilen Yurtlig turnuvas\u0131; voleybol, badminton, futsal, basketbol, masa tenisi, futbol ve satran\u00e7 olmak \u00fczere 7 farkl\u0131 bran\u015fta ger\u00e7ekle\u015fecek. \u0130l \u015fampiyonlu\u011fu i\u00e7in \u00e7eki\u015fmeli m\u00fcsabakalara sahne olacak turnuvan\u0131n ilk kar\u015f\u0131la\u015fmas\u0131, GSB Prof. Dr. Cevat Ak\u015fit Yurdu ile GSB \u00c7ivril Yurdu aras\u0131nda oynanan voleybol ma\u00e7\u0131yla start ald\u0131.<\/p>\n<p>Erdo\u011fan &#8220;Gen\u00e7lerimiz sporla daha g\u00fc\u00e7l\u00fc yeti\u015fiyor&#8221;<br \/>\n<br \/>A\u00e7\u0131l\u0131\u015f program\u0131nda konu\u015fan Gen\u00e7lik ve Spor \u0130l M\u00fcd\u00fcr\u00fc S\u00fcleyman Erdo\u011fan, Yurtlig organizasyonlar\u0131n\u0131n gen\u00e7lerin geli\u015fiminde \u00f6nemli bir yere sahip oldu\u011funu vurgulad\u0131. Erdo\u011fan, &#8220;Yurtlar\u0131m\u0131zda gen\u00e7lerimizin yaln\u0131zca bar\u0131nma ve beslenme ihtiya\u00e7lar\u0131n\u0131 kar\u015f\u0131lamakla kalm\u0131yoruz; ayn\u0131 zamanda onlar\u0131n sosyal, k\u00fclt\u00fcrel ve sportif alanlarda da aktif bireyler olarak yeti\u015fmeleri i\u00e7in yo\u011fun \u00e7aba g\u00f6steriyoruz.&#8221; dedi. Turnuvan\u0131n yurtlar aras\u0131 dayan\u0131\u015fmay\u0131 da g\u00fc\u00e7lendirdi\u011fini ifade eden Erdo\u011fan, yaln\u0131zca il i\u00e7indeki sonu\u00e7larda de\u011fil, ulusal turnuvalarda da ba\u015far\u0131 beklediklerini ifade ederek t\u00fcm sporculara ba\u015far\u0131lar diledi.<br \/><\/p>\n","protected":false},"excerpt":{"rendered":"<p>Yurtlig Yurtlar Aras\u0131 Spor Turnuvas\u0131, K\u0131n\u0131kl\u0131 Spor Kompleksi\u2019nde ger\u00e7ekle\u015fen seremoninin ard\u0131ndan start ald\u0131. 01-21 Aral\u0131k tarihleri aras\u0131nda 7 farkl\u0131 bran\u015fta ger\u00e7ekle\u015fecek turnuvada Denizli GSB Yurtlar\u0131ndan 572 sporcu m\u00fccadele edecek. Gen\u00e7lik ve Spor Bakanl\u0131\u011f\u0131n\u0131n koordinesinde d\u00fczenlenen Yurtlig yar\u0131\u015fmalar\u0131, K\u0131n\u0131kl\u0131 Spor Kompleksi\u2019nde ger\u00e7ekle\u015fen a\u00e7\u0131l\u0131\u015f seremonisiyle ba\u015flad\u0131. 01-21 Aral\u0131k 2025 tarihleri aras\u0131nda devam edecek turnuvada, Denizli GSB yurtlar\u0131ndan&#8230;<\/p>\n","protected":false},"author":1,"featured_media":71295,"comment_status":"open","ping_status":"open","sticky":false,"template":"","format":"standard","meta":{"_crdt_document":"","footnotes":""},"categories":[4],"tags":[],"class_list":["post-71294","post","type-post","status-publish","format-standard","has-post-thumbnail","hentry","category-spor"],"_links":{"self":[{"href":"https:\/\/www.egemtv.com\/index.php?rest_route=\/wp\/v2\/posts\/71294","targetHints":{"allow":["GET"]}}],"collection":[{"href":"https:\/\/www.egemtv.com\/index.php?rest_route=\/wp\/v2\/posts"}],"about":[{"href":"https:\/\/www.egemtv.com\/index.php?rest_route=\/wp\/v2\/types\/post"}],"author":[{"embeddable":true,"href":"https:\/\/www.egemtv.com\/index.php?rest_route=\/wp\/v2\/users\/1"}],"replies":[{"embeddable":true,"href":"https:\/\/www.egemtv.com\/index.php?rest_route=%2Fwp%2Fv2%2Fcomments&post=71294"}],"version-history":[{"count":1,"href":"https:\/\/www.egemtv.com\/index.php?rest_route=\/wp\/v2\/posts\/71294\/revisions"}],"predecessor-version":[{"id":71296,"href":"https:\/\/www.egemtv.com\/index.php?rest_route=\/wp\/v2\/posts\/71294\/revisions\/71296"}],"wp:featuredmedia":[{"embeddable":true,"href":"https:\/\/www.egemtv.com\/index.php?rest_route=\/wp\/v2\/media\/71295"}],"wp:attachment":[{"href":"https:\/\/www.egemtv.com\/index.php?rest_route=%2Fwp%2Fv2%2Fmedia&parent=71294"}],"wp:term":[{"taxonomy":"category","embeddable":true,"href":"https:\/\/www.egemtv.com\/index.php?rest_route=%2Fwp%2Fv2%2Fcategories&post=71294"},{"taxonomy":"post_tag","embeddable":true,"href":"https:\/\/www.egemtv.com\/index.php?rest_route=%2Fwp%2Fv2%2Ftags&post=71294"}],"curies":[{"name":"wp","href":"https:\/\/api.w.org\/{rel}","templated":true}]}}