{"id":71291,"date":"2025-12-01T15:14:47","date_gmt":"2025-12-01T12:14:47","guid":{"rendered":"https:\/\/www.egemtv.com\/?p=71291"},"modified":"2025-12-01T15:14:48","modified_gmt":"2025-12-01T12:14:48","slug":"denizlide-iscilerin-haklari-ve-is-yerlerinde-yasadiklari-sorunlara-dikkat-cekildi","status":"publish","type":"post","link":"https:\/\/www.egemtv.com\/?p=71291","title":{"rendered":"Denizli\u2019de i\u015f\u00e7ilerin haklar\u0131 ve i\u015f yerlerinde ya\u015fad\u0131klar\u0131 sorunlara dikkat \u00e7ekildi"},"content":{"rendered":"<p>Denizli\u2019de i\u015f\u00e7ilerin i\u015fyerlerinde ya\u015fad\u0131klar\u0131n\u0131 sorunlar\u0131 dile getirmek ve i\u015f\u00e7ilerin haklar\u0131 konusunda fark\u0131ndal\u0131k olu\u015fturmak amac\u0131yla stant kuruldu.<\/p>\n<p>Denizli\u2019de yeni kurulan ve i\u015f\u00e7ilerin i\u015fyerlerinde ya\u015fad\u0131klar\u0131 s\u0131k\u0131nt\u0131lar\u0131n tek sesi olma amac\u0131yla kurulan \u0130\u015f\u00e7i Haklar\u0131 Koruma ve Ya\u015fatma Derne\u011fi Ba\u015fkan\u0131 Kemal Galip Ba\u015fkaya, Delikli\u00e7\u0131nar Meydan\u0131nda stant a\u00e7t\u0131. Yap\u0131lan etkinlik bir\u00e7ok vatanda\u015f taraf\u0131ndan ilgi g\u00f6r\u00fcrken Ba\u015fkan Ba\u015fkaya, vatanda\u015flar\u0131n derdini dinledi. Bir\u00e7ok projelerin bulundu\u011funu ifade eden Ba\u015fkan Kemal Galip Ba\u015fkaya, &#8220;\u0130\u015f\u00e7ilerimizin t\u00fcm haklar\u0131n\u0131 savunmak i\u00e7in can\u0131 g\u00f6n\u00fclden \u00e7al\u0131\u015fmaya haz\u0131r\u0131z&#8221; dedi.<\/p>\n<p>&#8220;Bizim as\u0131l amac\u0131m\u0131z, i\u015f\u00e7ilerimizin tek sesi olmaktad\u0131r&#8221;<br \/>\n<br \/>Derne\u011fin i\u015f\u00e7ilerin tek sesi olmas\u0131 amac\u0131yla kuruldu\u011funu ve i\u015f\u00e7iler i\u00e7in gece g\u00fcnd\u00fcz \u00e7al\u0131\u015facaklar\u0131n\u0131 belirten \u0130\u015f\u00e7i Haklar\u0131 Koruma ve Ya\u015fatma Derne\u011fi Ba\u015fkan\u0131 Kemal Galip Ba\u015fkaya, &#8220;Derne\u011fimizin kurulma amac\u0131 i\u015f\u00e7ilerimizin haklar\u0131 konusunda fark\u0131ndal\u0131k olu\u015fturmakt\u0131r. Bizim as\u0131l amac\u0131m\u0131z, i\u015f\u00e7ilerimizin tek sesi olmaktad\u0131r. Derne\u011fimize i\u015f\u00e7ilerimiz ba\u015fvurduklar\u0131nda haklar\u0131n\u0131 \u00f6\u011frenebilirler ve ayn\u0131 zamanda destek alabilirler. Derne\u011fimize \u00f6ncelikle, i\u015fyerlerinde sorun ya\u015fayan i\u015f\u00e7ilerimiz m\u00fcracaat ediyorlar. Bize m\u00fcracaat eden i\u015f\u00e7ilerimiz bu ya\u015fad\u0131klar\u0131 soruna ba\u011fl\u0131 nas\u0131l bir y\u00f6ntem izlenmesi gerekti\u011fi konusunda ayr\u0131nt\u0131l\u0131 bir bilgi sahibi olmu\u015f oluyorlar. Bundan sonraki s\u00fcre\u00e7te i\u015f\u00e7ilerimizi her platformda destekleyece\u011fiz. Bir\u00e7ok projemiz bulunuyor. \u0130\u015f\u00e7ilerimizin t\u00fcm haklar\u0131n\u0131 savunmak i\u00e7in can\u0131 g\u00f6n\u00fclden \u00e7al\u0131\u015fmaya haz\u0131r\u0131z&#8221; diye konu\u015ftu.<br \/><\/p>\n","protected":false},"excerpt":{"rendered":"<p>Denizli\u2019de i\u015f\u00e7ilerin i\u015fyerlerinde ya\u015fad\u0131klar\u0131n\u0131 sorunlar\u0131 dile getirmek ve i\u015f\u00e7ilerin haklar\u0131 konusunda fark\u0131ndal\u0131k olu\u015fturmak amac\u0131yla stant kuruldu. Denizli\u2019de yeni kurulan ve i\u015f\u00e7ilerin i\u015fyerlerinde ya\u015fad\u0131klar\u0131 s\u0131k\u0131nt\u0131lar\u0131n tek sesi olma amac\u0131yla kurulan \u0130\u015f\u00e7i Haklar\u0131 Koruma ve Ya\u015fatma Derne\u011fi Ba\u015fkan\u0131 Kemal Galip Ba\u015fkaya, Delikli\u00e7\u0131nar Meydan\u0131nda stant a\u00e7t\u0131. Yap\u0131lan etkinlik bir\u00e7ok vatanda\u015f taraf\u0131ndan ilgi g\u00f6r\u00fcrken Ba\u015fkan Ba\u015fkaya, vatanda\u015flar\u0131n derdini dinledi&#8230;.<\/p>\n","protected":false},"author":1,"featured_media":71292,"comment_status":"open","ping_status":"open","sticky":false,"template":"","format":"standard","meta":{"_crdt_document":"","footnotes":""},"categories":[123],"tags":[],"class_list":["post-71291","post","type-post","status-publish","format-standard","has-post-thumbnail","hentry","category-gundem"],"_links":{"self":[{"href":"https:\/\/www.egemtv.com\/index.php?rest_route=\/wp\/v2\/posts\/71291","targetHints":{"allow":["GET"]}}],"collection":[{"href":"https:\/\/www.egemtv.com\/index.php?rest_route=\/wp\/v2\/posts"}],"about":[{"href":"https:\/\/www.egemtv.com\/index.php?rest_route=\/wp\/v2\/types\/post"}],"author":[{"embeddable":true,"href":"https:\/\/www.egemtv.com\/index.php?rest_route=\/wp\/v2\/users\/1"}],"replies":[{"embeddable":true,"href":"https:\/\/www.egemtv.com\/index.php?rest_route=%2Fwp%2Fv2%2Fcomments&post=71291"}],"version-history":[{"count":1,"href":"https:\/\/www.egemtv.com\/index.php?rest_route=\/wp\/v2\/posts\/71291\/revisions"}],"predecessor-version":[{"id":71293,"href":"https:\/\/www.egemtv.com\/index.php?rest_route=\/wp\/v2\/posts\/71291\/revisions\/71293"}],"wp:featuredmedia":[{"embeddable":true,"href":"https:\/\/www.egemtv.com\/index.php?rest_route=\/wp\/v2\/media\/71292"}],"wp:attachment":[{"href":"https:\/\/www.egemtv.com\/index.php?rest_route=%2Fwp%2Fv2%2Fmedia&parent=71291"}],"wp:term":[{"taxonomy":"category","embeddable":true,"href":"https:\/\/www.egemtv.com\/index.php?rest_route=%2Fwp%2Fv2%2Fcategories&post=71291"},{"taxonomy":"post_tag","embeddable":true,"href":"https:\/\/www.egemtv.com\/index.php?rest_route=%2Fwp%2Fv2%2Ftags&post=71291"}],"curies":[{"name":"wp","href":"https:\/\/api.w.org\/{rel}","templated":true}]}}