{"id":71288,"date":"2025-12-01T15:14:46","date_gmt":"2025-12-01T12:14:46","guid":{"rendered":"https:\/\/www.egemtv.com\/?p=71288"},"modified":"2025-12-01T15:14:47","modified_gmt":"2025-12-01T12:14:47","slug":"soke-anadolu-lisesinde-cifte-acilis-heyecani","status":"publish","type":"post","link":"https:\/\/www.egemtv.com\/?p=71288","title":{"rendered":"S\u00f6ke Anadolu Lisesi\u2019nde \u00e7ifte a\u00e7\u0131l\u0131\u015f heyecan\u0131"},"content":{"rendered":"<p>S\u00f6ke\u2019nin k\u00f6kl\u00fc e\u011fitim kurumlar\u0131ndan S\u00f6ke Anadolu Lisesi, ayn\u0131 g\u00fcn iki \u00f6nemli a\u00e7\u0131l\u0131\u015f\u0131n heyecan\u0131n\u0131 ya\u015fad\u0131.<\/p>\n<p>S\u00f6ke Lisesi\u2019nin paras\u0131z yat\u0131l\u0131 1975-76-77 y\u0131l\u0131 mezunlar\u0131 taraf\u0131ndan mezuniyetlerinin 50. y\u0131l\u0131 an\u0131s\u0131na yapt\u0131r\u0131lan voleybol sahas\u0131 ile Milli E\u011fitim Bakanl\u0131\u011f\u0131\u2019n\u0131n \u00fclke genelinde y\u00fcr\u00fctt\u00fc\u011f\u00fc e\u011fitim teknolojilerini g\u00fc\u00e7lendirme \u00e7al\u0131\u015fmalar\u0131 kapsam\u0131nda okula kazand\u0131r\u0131lan &#8220;Yenilik\u00e7i E\u011fitim S\u0131n\u0131f\u0131&#8221; d\u00fczenlenen t\u00f6renle hizmete a\u00e7\u0131ld\u0131. A\u00e7\u0131l\u0131\u015f t\u00f6renine S\u00f6ke Kaymakam\u0131 Ali Ak\u00e7a, S\u00f6ke Belediye Ba\u015fkan Yard\u0131mc\u0131s\u0131 Murat G\u00fcnal, S\u00f6ke \u0130l\u00e7e Milli E\u011fitim M\u00fcd\u00fcr\u00fc \u015eerafettin Yap\u0131c\u0131, S\u00f6ke Emniyet M\u00fcd\u00fcr\u00fc Fatih \u00c7etinkaya, \u0130l\u00e7e Gen\u00e7lik ve Spor M\u00fcd\u00fcr\u00fc A. Turan G\u00fcnen, Ticaret Borsas\u0131 Ba\u015fkan\u0131 A. Nejat Sa\u011fel, Ticaret Odas\u0131 Ba\u015fkan\u0131 Metin Sakalar, S\u00f6ke Lisesi 1975-76-77 y\u0131l\u0131 mezunlar\u0131, \u00f6\u011fretmenler, \u00f6\u011frenciler ve davetliler kat\u0131ld\u0131. Programda ilk olarak mezunlar\u0131n katk\u0131lar\u0131yla yenilenen \u2018voleybol sahas\u0131\u2019n\u0131n a\u00e7\u0131l\u0131\u015f\u0131 ger\u00e7ekle\u015ftirildi. Sahas\u0131n\u0131n yap\u0131m\u0131nda eme\u011fi ge\u00e7en eski mezunlara plaket takdim edildi.<\/p>\n<p>Ard\u0131ndan, yaln\u0131zca bilgisayarlar\u0131n de\u011fil \u00fc\u00e7 boyutlu yaz\u0131c\u0131lar, sanal ger\u00e7eklik uygulamalar\u0131, robotik kodlama sistemleri ve bir\u00e7ok teknolojik bile\u015fenin yer ald\u0131\u011f\u0131 \u2018Yenilik\u00e7i E\u011fitim S\u0131n\u0131f\u0131\u2019 a\u00e7\u0131ld\u0131. \u00d6\u011frencilerin teknoloji ile i\u00e7 i\u00e7e e\u011fitim almas\u0131n\u0131 sa\u011flayacak s\u0131n\u0131f, T\u00fcrkiye genelinde kurulan 500 s\u0131n\u0131ftan biri olurken, Ayd\u0131n\u2019da 9., S\u00f6ke\u2019de ise tek olma \u00f6zelli\u011fi ta\u015f\u0131yor.<br \/><\/p>\n","protected":false},"excerpt":{"rendered":"<p>S\u00f6ke\u2019nin k\u00f6kl\u00fc e\u011fitim kurumlar\u0131ndan S\u00f6ke Anadolu Lisesi, ayn\u0131 g\u00fcn iki \u00f6nemli a\u00e7\u0131l\u0131\u015f\u0131n heyecan\u0131n\u0131 ya\u015fad\u0131. S\u00f6ke Lisesi\u2019nin paras\u0131z yat\u0131l\u0131 1975-76-77 y\u0131l\u0131 mezunlar\u0131 taraf\u0131ndan mezuniyetlerinin 50. y\u0131l\u0131 an\u0131s\u0131na yapt\u0131r\u0131lan voleybol sahas\u0131 ile Milli E\u011fitim Bakanl\u0131\u011f\u0131\u2019n\u0131n \u00fclke genelinde y\u00fcr\u00fctt\u00fc\u011f\u00fc e\u011fitim teknolojilerini g\u00fc\u00e7lendirme \u00e7al\u0131\u015fmalar\u0131 kapsam\u0131nda okula kazand\u0131r\u0131lan &#8220;Yenilik\u00e7i E\u011fitim S\u0131n\u0131f\u0131&#8221; d\u00fczenlenen t\u00f6renle hizmete a\u00e7\u0131ld\u0131. A\u00e7\u0131l\u0131\u015f t\u00f6renine S\u00f6ke Kaymakam\u0131 Ali&#8230;<\/p>\n","protected":false},"author":1,"featured_media":71289,"comment_status":"open","ping_status":"open","sticky":false,"template":"","format":"standard","meta":{"_crdt_document":"","footnotes":""},"categories":[1],"tags":[],"class_list":["post-71288","post","type-post","status-publish","format-standard","has-post-thumbnail","hentry","category-guncel"],"_links":{"self":[{"href":"https:\/\/www.egemtv.com\/index.php?rest_route=\/wp\/v2\/posts\/71288","targetHints":{"allow":["GET"]}}],"collection":[{"href":"https:\/\/www.egemtv.com\/index.php?rest_route=\/wp\/v2\/posts"}],"about":[{"href":"https:\/\/www.egemtv.com\/index.php?rest_route=\/wp\/v2\/types\/post"}],"author":[{"embeddable":true,"href":"https:\/\/www.egemtv.com\/index.php?rest_route=\/wp\/v2\/users\/1"}],"replies":[{"embeddable":true,"href":"https:\/\/www.egemtv.com\/index.php?rest_route=%2Fwp%2Fv2%2Fcomments&post=71288"}],"version-history":[{"count":1,"href":"https:\/\/www.egemtv.com\/index.php?rest_route=\/wp\/v2\/posts\/71288\/revisions"}],"predecessor-version":[{"id":71290,"href":"https:\/\/www.egemtv.com\/index.php?rest_route=\/wp\/v2\/posts\/71288\/revisions\/71290"}],"wp:featuredmedia":[{"embeddable":true,"href":"https:\/\/www.egemtv.com\/index.php?rest_route=\/wp\/v2\/media\/71289"}],"wp:attachment":[{"href":"https:\/\/www.egemtv.com\/index.php?rest_route=%2Fwp%2Fv2%2Fmedia&parent=71288"}],"wp:term":[{"taxonomy":"category","embeddable":true,"href":"https:\/\/www.egemtv.com\/index.php?rest_route=%2Fwp%2Fv2%2Fcategories&post=71288"},{"taxonomy":"post_tag","embeddable":true,"href":"https:\/\/www.egemtv.com\/index.php?rest_route=%2Fwp%2Fv2%2Ftags&post=71288"}],"curies":[{"name":"wp","href":"https:\/\/api.w.org\/{rel}","templated":true}]}}