{"id":71285,"date":"2025-12-01T14:34:58","date_gmt":"2025-12-01T11:34:58","guid":{"rendered":"https:\/\/www.egemtv.com\/?p=71285"},"modified":"2025-12-01T14:34:58","modified_gmt":"2025-12-01T11:34:58","slug":"muradiye-fidanligi-gelecege-nefes-olmaya-devam-ediyor","status":"publish","type":"post","link":"https:\/\/www.egemtv.com\/?p=71285","title":{"rendered":"Muradiye Fidanl\u0131\u011f\u0131 gelece\u011fe nefes olmaya devam ediyor"},"content":{"rendered":"<p>\u0130zmir Orman Genel M\u00fcd\u00fcrl\u00fc\u011f\u00fc b\u00fcnyesinde bulunan Manisa\u2019daki Muradiye Orman Fidanl\u0131\u011f\u0131 M\u00fcd\u00fcrl\u00fc\u011f\u00fcnde 2025 y\u0131l\u0131nda 4 milyon 200 bin fidan \u00fcretimi yap\u0131ld\u0131\u011f\u0131 a\u00e7\u0131kland\u0131.<br \/>\n<br \/>Manisa-Menemen karayolu \u00fczerinde 1900 dekar alanda kurulu bulunan ve 1944 y\u0131l\u0131ndan bu yana aral\u0131ks\u0131z \u00fcretim yapan Muradiye Orman Fidanl\u0131\u011f\u0131, 81 y\u0131ld\u0131r T\u00fcrkiye\u2019nin d\u00f6rt bir yan\u0131na gelece\u011fe nefes olacak fidanlar yeti\u015ftiriyor.<br \/>\n<br \/>Fidanl\u0131kta yaprakl\u0131 ve ibreli a\u011fa\u00e7 t\u00fcrleri ile \u00e7e\u015fitli a\u011fa\u00e7\u00e7\u0131k, \u00e7al\u0131 ve sarma\u015f\u0131k olmak \u00fczere 300\u2019e yak\u0131n t\u00fcrde al\u00e7ak rak\u0131m bitkileri \u00fczerine ihtisasla\u015fm\u0131\u015f \u00fcretim yap\u0131l\u0131yor. \u00dcretilen fidanlar\u0131n 10 santimetre boyundan ba\u015flayarak 7-8 metreye kadar ula\u015fan orman a\u011fac\u0131 ve peyzaj materyali niteli\u011finde, ekonomik de\u011feri y\u00fcksek t\u00fcrlerden olu\u015ftu\u011fu belirtildi. Fidan \u00fcretiminin yan\u0131 s\u0131ra m\u00fcd\u00fcrl\u00fckte tohum \u00fcretimi de t\u00fcm h\u0131z\u0131yla devam ediyor.<br \/>\n<br \/>Muradiye Orman Fidanl\u0131\u011f\u0131n\u0131n y\u0131ll\u0131k \u00fcretim kapasitesinin 5 milyon fidan oldu\u011fu, bu kapasiteye yak\u0131n bir rakamla 4 milyon 200 bin adetle 2025 y\u0131l\u0131n\u0131n verimli \u015fekilde tamamland\u0131\u011f\u0131 bildirildi.<br \/><\/p>\n","protected":false},"excerpt":{"rendered":"<p>\u0130zmir Orman Genel M\u00fcd\u00fcrl\u00fc\u011f\u00fc b\u00fcnyesinde bulunan Manisa\u2019daki Muradiye Orman Fidanl\u0131\u011f\u0131 M\u00fcd\u00fcrl\u00fc\u011f\u00fcnde 2025 y\u0131l\u0131nda 4 milyon 200 bin fidan \u00fcretimi yap\u0131ld\u0131\u011f\u0131 a\u00e7\u0131kland\u0131. Manisa-Menemen karayolu \u00fczerinde 1900 dekar alanda kurulu bulunan ve 1944 y\u0131l\u0131ndan bu yana aral\u0131ks\u0131z \u00fcretim yapan Muradiye Orman Fidanl\u0131\u011f\u0131, 81 y\u0131ld\u0131r T\u00fcrkiye\u2019nin d\u00f6rt bir yan\u0131na gelece\u011fe nefes olacak fidanlar yeti\u015ftiriyor. Fidanl\u0131kta yaprakl\u0131 ve ibreli&#8230;<\/p>\n","protected":false},"author":1,"featured_media":71286,"comment_status":"open","ping_status":"open","sticky":false,"template":"","format":"standard","meta":{"_crdt_document":"","footnotes":""},"categories":[1],"tags":[],"class_list":["post-71285","post","type-post","status-publish","format-standard","has-post-thumbnail","hentry","category-guncel"],"_links":{"self":[{"href":"https:\/\/www.egemtv.com\/index.php?rest_route=\/wp\/v2\/posts\/71285","targetHints":{"allow":["GET"]}}],"collection":[{"href":"https:\/\/www.egemtv.com\/index.php?rest_route=\/wp\/v2\/posts"}],"about":[{"href":"https:\/\/www.egemtv.com\/index.php?rest_route=\/wp\/v2\/types\/post"}],"author":[{"embeddable":true,"href":"https:\/\/www.egemtv.com\/index.php?rest_route=\/wp\/v2\/users\/1"}],"replies":[{"embeddable":true,"href":"https:\/\/www.egemtv.com\/index.php?rest_route=%2Fwp%2Fv2%2Fcomments&post=71285"}],"version-history":[{"count":1,"href":"https:\/\/www.egemtv.com\/index.php?rest_route=\/wp\/v2\/posts\/71285\/revisions"}],"predecessor-version":[{"id":71287,"href":"https:\/\/www.egemtv.com\/index.php?rest_route=\/wp\/v2\/posts\/71285\/revisions\/71287"}],"wp:featuredmedia":[{"embeddable":true,"href":"https:\/\/www.egemtv.com\/index.php?rest_route=\/wp\/v2\/media\/71286"}],"wp:attachment":[{"href":"https:\/\/www.egemtv.com\/index.php?rest_route=%2Fwp%2Fv2%2Fmedia&parent=71285"}],"wp:term":[{"taxonomy":"category","embeddable":true,"href":"https:\/\/www.egemtv.com\/index.php?rest_route=%2Fwp%2Fv2%2Fcategories&post=71285"},{"taxonomy":"post_tag","embeddable":true,"href":"https:\/\/www.egemtv.com\/index.php?rest_route=%2Fwp%2Fv2%2Ftags&post=71285"}],"curies":[{"name":"wp","href":"https:\/\/api.w.org\/{rel}","templated":true}]}}