{"id":71279,"date":"2025-12-01T14:34:56","date_gmt":"2025-12-01T11:34:56","guid":{"rendered":"https:\/\/www.egemtv.com\/?p=71279"},"modified":"2025-12-01T14:34:57","modified_gmt":"2025-12-01T11:34:57","slug":"evde-dusen-yasli-kadin-ekipleri-harekete-gecirdi","status":"publish","type":"post","link":"https:\/\/www.egemtv.com\/?p=71279","title":{"rendered":"Evde d\u00fc\u015fen ya\u015fl\u0131 kad\u0131n ekipleri harekete ge\u00e7irdi"},"content":{"rendered":"<p>Ayd\u0131n\u2019\u0131n Efeler il\u00e7esinde evde d\u00fc\u015fen ya\u015fl\u0131 kad\u0131n ekipleri alarma ge\u00e7irirken, ekipler itfaiye yard\u0131m\u0131 ile eve girerek ya\u015fl\u0131 kad\u0131na ula\u015ft\u0131.<\/p>\n<p>Olay, Kurtulu\u015f Mahallesi Adnan Menderes Bulvar\u0131 \u00fczerinde bulunan bir apartmanda saat 13.30 s\u0131ralar\u0131nda meydana geldi. Edinilen bilgiye g\u00f6re, apartman\u0131n 4\u2019\u00fcnc\u00fc kat\u0131nda ikamet eden 88 ya\u015f\u0131ndaki A.B. isimli kad\u0131n evin i\u00e7erisinde dengesini kaybederek d\u00fc\u015ft\u00fc. Yerde hareketsiz kalan ya\u015fl\u0131 kad\u0131n 112 Acil \u00c7a\u011fr\u0131 Merkezi\u2019ni arayarak yard\u0131m istedi. \u0130hbar \u00fczerine b\u00f6lgeye sa\u011fl\u0131k, polis ve itfaiye ekipleri sevk edildi. K\u0131sa s\u00fcrede olay yerine gelen Ayd\u0131n B\u00fcy\u00fck\u015fehir Belediyesi \u0130tfaiye Daire Ba\u015fkanl\u0131\u011f\u0131 ekipleri merdivenli ara\u00e7 marifeti ile eve balkondan girerek kap\u0131y\u0131 a\u00e7t\u0131. Sa\u011fl\u0131k ekipleri taraf\u0131ndan da gerekli kontrolleri yap\u0131lan ya\u015fl\u0131 kad\u0131n sa\u011fl\u0131k durumunun iyi oldu\u011funu s\u00f6yleyerek hastaneye gitmeyi reddedince ekipler normale d\u00f6nd\u00fc.<br \/><\/p>\n","protected":false},"excerpt":{"rendered":"<p>Ayd\u0131n\u2019\u0131n Efeler il\u00e7esinde evde d\u00fc\u015fen ya\u015fl\u0131 kad\u0131n ekipleri alarma ge\u00e7irirken, ekipler itfaiye yard\u0131m\u0131 ile eve girerek ya\u015fl\u0131 kad\u0131na ula\u015ft\u0131. Olay, Kurtulu\u015f Mahallesi Adnan Menderes Bulvar\u0131 \u00fczerinde bulunan bir apartmanda saat 13.30 s\u0131ralar\u0131nda meydana geldi. Edinilen bilgiye g\u00f6re, apartman\u0131n 4\u2019\u00fcnc\u00fc kat\u0131nda ikamet eden 88 ya\u015f\u0131ndaki A.B. isimli kad\u0131n evin i\u00e7erisinde dengesini kaybederek d\u00fc\u015ft\u00fc. Yerde hareketsiz kalan&#8230;<\/p>\n","protected":false},"author":1,"featured_media":71280,"comment_status":"open","ping_status":"open","sticky":false,"template":"","format":"standard","meta":{"_crdt_document":"","footnotes":""},"categories":[5],"tags":[],"class_list":["post-71279","post","type-post","status-publish","format-standard","has-post-thumbnail","hentry","category-asayis"],"_links":{"self":[{"href":"https:\/\/www.egemtv.com\/index.php?rest_route=\/wp\/v2\/posts\/71279","targetHints":{"allow":["GET"]}}],"collection":[{"href":"https:\/\/www.egemtv.com\/index.php?rest_route=\/wp\/v2\/posts"}],"about":[{"href":"https:\/\/www.egemtv.com\/index.php?rest_route=\/wp\/v2\/types\/post"}],"author":[{"embeddable":true,"href":"https:\/\/www.egemtv.com\/index.php?rest_route=\/wp\/v2\/users\/1"}],"replies":[{"embeddable":true,"href":"https:\/\/www.egemtv.com\/index.php?rest_route=%2Fwp%2Fv2%2Fcomments&post=71279"}],"version-history":[{"count":1,"href":"https:\/\/www.egemtv.com\/index.php?rest_route=\/wp\/v2\/posts\/71279\/revisions"}],"predecessor-version":[{"id":71281,"href":"https:\/\/www.egemtv.com\/index.php?rest_route=\/wp\/v2\/posts\/71279\/revisions\/71281"}],"wp:featuredmedia":[{"embeddable":true,"href":"https:\/\/www.egemtv.com\/index.php?rest_route=\/wp\/v2\/media\/71280"}],"wp:attachment":[{"href":"https:\/\/www.egemtv.com\/index.php?rest_route=%2Fwp%2Fv2%2Fmedia&parent=71279"}],"wp:term":[{"taxonomy":"category","embeddable":true,"href":"https:\/\/www.egemtv.com\/index.php?rest_route=%2Fwp%2Fv2%2Fcategories&post=71279"},{"taxonomy":"post_tag","embeddable":true,"href":"https:\/\/www.egemtv.com\/index.php?rest_route=%2Fwp%2Fv2%2Ftags&post=71279"}],"curies":[{"name":"wp","href":"https:\/\/api.w.org\/{rel}","templated":true}]}}