{"id":71276,"date":"2025-12-01T14:34:55","date_gmt":"2025-12-01T11:34:55","guid":{"rendered":"https:\/\/www.egemtv.com\/?p=71276"},"modified":"2025-12-01T14:34:56","modified_gmt":"2025-12-01T11:34:56","slug":"baskan-kunkcu-mesleki-egitim-zirvesine-katildi","status":"publish","type":"post","link":"https:\/\/www.egemtv.com\/?p=71276","title":{"rendered":"Ba\u015fkan K\u00fcnkc\u00fc, Mesleki E\u011fitim Zirvesi\u2019ne kat\u0131ld\u0131"},"content":{"rendered":"<p>Ayd\u0131n Esnaf ve Sanatk\u00e2rlar Odalar\u0131 Birli\u011fi (AYESOB) Ba\u015fkan\u0131 Muhammet Ali K\u00fcnkc\u00fc, Milli E\u011fitim Bakan\u0131 Yusuf Tekin\u2019in kat\u0131l\u0131m\u0131yla \u0130stanbul\u2019da ger\u00e7ekle\u015ftirilen T\u00fcrkiye Y\u00fczy\u0131l\u0131 Mesleki ve Teknik E\u011fitim Zirvesine, kat\u0131larak Ayd\u0131n\u2019\u0131 temsil etti.<br \/>\n<br \/>K\u00fcnkc\u00fc\u2019n\u00fcn yer ald\u0131\u011f\u0131 zirvede; mesleki e\u011fitimde yeni vizyonun olu\u015fturulmas\u0131, mevcut alan ve dallar\u0131n g\u00fcncellenmesi, gelece\u011fin mesleklerinin belirlenmesi ve Ahilik k\u00fclt\u00fcr\u00fcn\u00fcn e\u011fitim programlar\u0131na daha etkin \u015fekilde yans\u0131t\u0131lmas\u0131 gibi T\u00fcrkiye\u2019nin gelece\u011fini ilgilendiren kritik ba\u015fl\u0131klar masaya yat\u0131r\u0131ld\u0131.<br \/>\n<br \/>Mesleki e\u011fitim konusundaki hassasiyeti ve \u00e7al\u0131\u015fmalar\u0131yla bilinen Ba\u015fkan K\u00fcnkc\u00fc, zirvede de bu yakla\u015f\u0131m\u0131n\u0131 ortaya koyarak esnaf camias\u0131n\u0131n beklentilerini \u00fcst makamlara en net \u015fekilde iletti.<br \/>\n<br \/>Program sonras\u0131 de\u011ferlendirmede bulunan K\u00fcnkc\u00fc, &#8220;Ayd\u0131n esnaf\u0131m\u0131z\u0131n gelece\u011fine y\u00f6n verecek her \u00e7al\u0131\u015fmada var olmay\u0131 bir sorumluluk de\u011fil, bir g\u00f6rev olarak g\u00f6r\u00fcyoruz. Mesleki e\u011fitimin g\u00fc\u00e7lenmesi, hem esnaf\u0131m\u0131z\u0131n hem \u00fclkemizin yar\u0131nlar\u0131 i\u00e7in b\u00fcy\u00fck bir ad\u0131md\u0131r. Biz de bu s\u00fcrece katk\u0131 sunmaya kararl\u0131l\u0131kla devam edece\u011fiz&#8221; diye konu\u015ftu.<br \/><\/p>\n","protected":false},"excerpt":{"rendered":"<p>Ayd\u0131n Esnaf ve Sanatk\u00e2rlar Odalar\u0131 Birli\u011fi (AYESOB) Ba\u015fkan\u0131 Muhammet Ali K\u00fcnkc\u00fc, Milli E\u011fitim Bakan\u0131 Yusuf Tekin\u2019in kat\u0131l\u0131m\u0131yla \u0130stanbul\u2019da ger\u00e7ekle\u015ftirilen T\u00fcrkiye Y\u00fczy\u0131l\u0131 Mesleki ve Teknik E\u011fitim Zirvesine, kat\u0131larak Ayd\u0131n\u2019\u0131 temsil etti. K\u00fcnkc\u00fc\u2019n\u00fcn yer ald\u0131\u011f\u0131 zirvede; mesleki e\u011fitimde yeni vizyonun olu\u015fturulmas\u0131, mevcut alan ve dallar\u0131n g\u00fcncellenmesi, gelece\u011fin mesleklerinin belirlenmesi ve Ahilik k\u00fclt\u00fcr\u00fcn\u00fcn e\u011fitim programlar\u0131na daha etkin \u015fekilde&#8230;<\/p>\n","protected":false},"author":1,"featured_media":71277,"comment_status":"open","ping_status":"open","sticky":false,"template":"","format":"standard","meta":{"_crdt_document":"","footnotes":""},"categories":[1],"tags":[],"class_list":["post-71276","post","type-post","status-publish","format-standard","has-post-thumbnail","hentry","category-guncel"],"_links":{"self":[{"href":"https:\/\/www.egemtv.com\/index.php?rest_route=\/wp\/v2\/posts\/71276","targetHints":{"allow":["GET"]}}],"collection":[{"href":"https:\/\/www.egemtv.com\/index.php?rest_route=\/wp\/v2\/posts"}],"about":[{"href":"https:\/\/www.egemtv.com\/index.php?rest_route=\/wp\/v2\/types\/post"}],"author":[{"embeddable":true,"href":"https:\/\/www.egemtv.com\/index.php?rest_route=\/wp\/v2\/users\/1"}],"replies":[{"embeddable":true,"href":"https:\/\/www.egemtv.com\/index.php?rest_route=%2Fwp%2Fv2%2Fcomments&post=71276"}],"version-history":[{"count":1,"href":"https:\/\/www.egemtv.com\/index.php?rest_route=\/wp\/v2\/posts\/71276\/revisions"}],"predecessor-version":[{"id":71278,"href":"https:\/\/www.egemtv.com\/index.php?rest_route=\/wp\/v2\/posts\/71276\/revisions\/71278"}],"wp:featuredmedia":[{"embeddable":true,"href":"https:\/\/www.egemtv.com\/index.php?rest_route=\/wp\/v2\/media\/71277"}],"wp:attachment":[{"href":"https:\/\/www.egemtv.com\/index.php?rest_route=%2Fwp%2Fv2%2Fmedia&parent=71276"}],"wp:term":[{"taxonomy":"category","embeddable":true,"href":"https:\/\/www.egemtv.com\/index.php?rest_route=%2Fwp%2Fv2%2Fcategories&post=71276"},{"taxonomy":"post_tag","embeddable":true,"href":"https:\/\/www.egemtv.com\/index.php?rest_route=%2Fwp%2Fv2%2Ftags&post=71276"}],"curies":[{"name":"wp","href":"https:\/\/api.w.org\/{rel}","templated":true}]}}