{"id":71273,"date":"2025-12-01T14:14:44","date_gmt":"2025-12-01T11:14:44","guid":{"rendered":"https:\/\/www.egemtv.com\/?p=71273"},"modified":"2025-12-01T14:14:45","modified_gmt":"2025-12-01T11:14:45","slug":"socar-energy-school-4uncu-doneminin-acilis-toreni-ve-ilk-dersi-aliagada-gerceklesti","status":"publish","type":"post","link":"https:\/\/www.egemtv.com\/?p=71273","title":{"rendered":"SOCAR Energy School 4\u2019\u00fcnc\u00fc d\u00f6neminin a\u00e7\u0131l\u0131\u015f t\u00f6reni ve ilk dersi Alia\u011fa\u2019da ger\u00e7ekle\u015fti"},"content":{"rendered":"<p>SOCAR T\u00fcrkiye ve Sabanc\u0131 \u00dcniversitesi Y\u00f6netici Geli\u015ftirme Birimi (EDU) i\u015f birli\u011fiyle d\u00fczenlenen SOCAR Energy School sertifika program\u0131n\u0131n d\u00f6rd\u00fcnc\u00fc d\u00f6neminin a\u00e7\u0131l\u0131\u015f t\u00f6reni ve ilk dersi, SOCAR T\u00fcrkiye\u2019nin Alia\u011fa\u2019daki tesislerinde ger\u00e7ekle\u015fti.<\/p>\n<p>T\u00fcrkiye\u2019nin en b\u00fcy\u00fck entegre end\u00fcstri gruplar\u0131ndan biri olan SOCAR T\u00fcrkiye\u2019nin Sabanc\u0131 \u00dcniversitesi Y\u00f6netici Geli\u015ftirme Birimi (EDU) ile birlikte hayata ge\u00e7irdi\u011fi bu prestijli program, 29 Kas\u0131m\u2019da d\u00fczenlenen t\u00f6renle ba\u015flad\u0131. Bu y\u0131l programa kabul edilen 74 kat\u0131l\u0131mc\u0131n\u0131n yer ald\u0131\u011f\u0131 a\u00e7\u0131l\u0131\u015fta SOCAR T\u00fcrkiye \u0130leti\u015fim ve Kamu \u0130li\u015fkileri Ba\u015fkan\u0131 Mikayil Yusifov ile Sabanc\u0131 \u00dcniversitesi Ara\u015ft\u0131rmadan Sorumlu Rekt\u00f6r Yard\u0131mc\u0131s\u0131 Mehmet Y\u0131ld\u0131z kat\u0131l\u0131mc\u0131lara hitap etti.<br \/>\n<br \/>A\u00e7\u0131l\u0131\u015f konu\u015fmalar\u0131nda enerji sekt\u00f6r\u00fcn\u00fcn geli\u015fimi, s\u00fcrd\u00fcr\u00fclebilirlik odakl\u0131 d\u00f6n\u00fc\u015f\u00fcm ve e\u011fitim program\u0131n\u0131n sekt\u00f6re sa\u011flad\u0131\u011f\u0131 katk\u0131lar \u00fczerine de\u011ferlendirmeler payla\u015f\u0131ld\u0131. Konu\u015fmalar\u0131n ard\u0131ndan kat\u0131l\u0131mc\u0131lar, SOCAR T\u00fcrkiye Rafineri ve Petrokimya tesislerinde d\u00fczenlenen saha gezisine kat\u0131larak \u00fcretim s\u00fcre\u00e7lerini yerinde g\u00f6zlemleme f\u0131rsat\u0131 buldu. Teknik ekipler taraf\u0131ndan yap\u0131lan bilgilendirmeler sayesinde kat\u0131l\u0131mc\u0131lar rafineri ve petrokimya operasyonlar\u0131na ili\u015fkin detayl\u0131 bilgi edindi.<br \/>\n<br \/>SOCAR T\u00fcrkiye \u0130leti\u015fim ve Kamu \u0130li\u015fkileri Ba\u015fkan\u0131 Mikayil Yusifov, &#8220;SOCAR Energy School\u2019un d\u00f6rd\u00fcnc\u00fc d\u00f6nemine ba\u015flaman\u0131n gururunu ya\u015f\u0131yoruz. Her y\u0131l artan ilgi, program\u0131n hem sekt\u00f6rde hem de profesyoneller aras\u0131nda \u00f6nemli bir konuma sahip oldu\u011funu g\u00f6steriyor. Bu d\u00f6nemde de kat\u0131l\u0131mc\u0131lar\u0131n enerji sekt\u00f6r\u00fcn\u00fcn gelece\u011fine dair geni\u015f bir perspektif kazanarak hem kendilerine hem de sekt\u00f6r\u00fcm\u00fcze de\u011fer katacaklar\u0131na inan\u0131yorum&#8221; dedi.<br \/>\n<br \/>Sabanc\u0131 \u00dcniversitesi Ara\u015ft\u0131rmadan Sorumlu Rekt\u00f6r Yard\u0131mc\u0131s\u0131 Mehmet Y\u0131ld\u0131z ise yapt\u0131\u011f\u0131 konu\u015fmada, &#8220;SOCAR Energy School, Sabanc\u0131 \u00dcniversitesi\u2019nin \u2018birlikte yapma ve birlikte \u00fcretme\u2019 vizyonuyla birebir \u00f6rt\u00fc\u015fen uzun soluklu ve stratejik bir i\u015f birli\u011fi. Enerji sekt\u00f6r\u00fc hem T\u00fcrkiye hem Azerbaycan i\u00e7in kritik \u00f6nemde ve bu alan\u0131n gelece\u011fi yaln\u0131zca teknolojiyle de\u011fil, y\u00fcksek nitelikli insan kayna\u011f\u0131n\u0131n bilgi payla\u015f\u0131m\u0131yla \u015fekilleniyor. Bu program; iki g\u00fc\u00e7l\u00fc kurumun bir araya gelmesiyle ortaya \u00e7\u0131kan, sekt\u00f6re ger\u00e7ek anlamda de\u011fer katan \u00f6rnek bir model olu\u015fturuyor. Umuyorum ki bu d\u00f6nem de kat\u0131l\u0131mc\u0131lar\u0131m\u0131z i\u00e7in sadece yo\u011fun ve verimli de\u011fil, ayn\u0131 zamanda de\u011ferli ili\u015fkiler ve g\u00fc\u00e7l\u00fc bir network sa\u011flayan bir s\u00fcre\u00e7 olur&#8221; ifadelerini kulland\u0131.<br \/>\n<br \/>SOCAR Energy School, enerji sekt\u00f6r\u00fcn\u00fcn farkl\u0131 kademelerinde g\u00f6rev yapan profesyonelleri bir araya getirerek hem teorik hem de uygulamal\u0131 kapsamda g\u00fc\u00e7l\u00fc bir e\u011fitim platformu sunmay\u0131 s\u00fcrd\u00fcr\u00fcyor. Program, \u00f6n\u00fcm\u00fczdeki d\u00f6nemde ulusal ve uluslararas\u0131 uzmanlar\u0131n katk\u0131lar\u0131yla \u00e7e\u015fitli dersler ve oturumlarla devam edecek.<br \/><\/p>\n","protected":false},"excerpt":{"rendered":"<p>SOCAR T\u00fcrkiye ve Sabanc\u0131 \u00dcniversitesi Y\u00f6netici Geli\u015ftirme Birimi (EDU) i\u015f birli\u011fiyle d\u00fczenlenen SOCAR Energy School sertifika program\u0131n\u0131n d\u00f6rd\u00fcnc\u00fc d\u00f6neminin a\u00e7\u0131l\u0131\u015f t\u00f6reni ve ilk dersi, SOCAR T\u00fcrkiye\u2019nin Alia\u011fa\u2019daki tesislerinde ger\u00e7ekle\u015fti. T\u00fcrkiye\u2019nin en b\u00fcy\u00fck entegre end\u00fcstri gruplar\u0131ndan biri olan SOCAR T\u00fcrkiye\u2019nin Sabanc\u0131 \u00dcniversitesi Y\u00f6netici Geli\u015ftirme Birimi (EDU) ile birlikte hayata ge\u00e7irdi\u011fi bu prestijli program, 29 Kas\u0131m\u2019da d\u00fczenlenen&#8230;<\/p>\n","protected":false},"author":1,"featured_media":71274,"comment_status":"open","ping_status":"open","sticky":false,"template":"","format":"standard","meta":{"_crdt_document":"","footnotes":""},"categories":[1],"tags":[],"class_list":["post-71273","post","type-post","status-publish","format-standard","has-post-thumbnail","hentry","category-guncel"],"_links":{"self":[{"href":"https:\/\/www.egemtv.com\/index.php?rest_route=\/wp\/v2\/posts\/71273","targetHints":{"allow":["GET"]}}],"collection":[{"href":"https:\/\/www.egemtv.com\/index.php?rest_route=\/wp\/v2\/posts"}],"about":[{"href":"https:\/\/www.egemtv.com\/index.php?rest_route=\/wp\/v2\/types\/post"}],"author":[{"embeddable":true,"href":"https:\/\/www.egemtv.com\/index.php?rest_route=\/wp\/v2\/users\/1"}],"replies":[{"embeddable":true,"href":"https:\/\/www.egemtv.com\/index.php?rest_route=%2Fwp%2Fv2%2Fcomments&post=71273"}],"version-history":[{"count":1,"href":"https:\/\/www.egemtv.com\/index.php?rest_route=\/wp\/v2\/posts\/71273\/revisions"}],"predecessor-version":[{"id":71275,"href":"https:\/\/www.egemtv.com\/index.php?rest_route=\/wp\/v2\/posts\/71273\/revisions\/71275"}],"wp:featuredmedia":[{"embeddable":true,"href":"https:\/\/www.egemtv.com\/index.php?rest_route=\/wp\/v2\/media\/71274"}],"wp:attachment":[{"href":"https:\/\/www.egemtv.com\/index.php?rest_route=%2Fwp%2Fv2%2Fmedia&parent=71273"}],"wp:term":[{"taxonomy":"category","embeddable":true,"href":"https:\/\/www.egemtv.com\/index.php?rest_route=%2Fwp%2Fv2%2Fcategories&post=71273"},{"taxonomy":"post_tag","embeddable":true,"href":"https:\/\/www.egemtv.com\/index.php?rest_route=%2Fwp%2Fv2%2Ftags&post=71273"}],"curies":[{"name":"wp","href":"https:\/\/api.w.org\/{rel}","templated":true}]}}